{"id":47012,"date":"2019-06-26T10:00:43","date_gmt":"2019-06-26T13:00:43","guid":{"rendered":"https:\/\/www.actualidadadiario.com\/?p=47012"},"modified":"2019-06-26T10:00:43","modified_gmt":"2019-06-26T13:00:43","slug":"caso-micaela-la-lectura-completa-del-veredicto-que-anulo-la-condena-a-pavon-se-conocera-el-viernes","status":"publish","type":"post","link":"https:\/\/www.actualidadadiario.com\/index.php\/2019\/06\/26\/caso-micaela-la-lectura-completa-del-veredicto-que-anulo-la-condena-a-pavon-se-conocera-el-viernes\/","title":{"rendered":"Caso Micaela: La lectura completa del veredicto que anul\u00f3 la condena a Pav\u00f3n se conocer\u00e1 el viernes"},"content":{"rendered":"\n<p><strong><em>As\u00ed lo inform\u00f3 el Servicio de Informaci\u00f3n y Comunicaci\u00f3n del Poder Judicial de Entre R\u00edos. La lectura prevista para hoy de esta manera se posterga hasta el 28 de junio a las 12. Cabe recordar que Casaci\u00f3n hab\u00eda confirmado la condena a Sebasti\u00e1n Wagner, pero orden\u00f3 anular la de N\u00e9stor Pav\u00f3n y dispuso que se realice un nuevo juicio<\/em><\/strong><\/p>\n\n\n\n<p><\/p>\n\n\n\n<p><\/p>\n\n\n\n<p>Al pronunciarse sobre los recursos presentados por los\nabogados de las partes en la condena dictada por el Tribunal de Gualeguay por\nel femicidio de Micaela Garc\u00eda, ocurrido el 1 de abril de 2017, en esa ciudad,\nla C\u00e1mara de Casaci\u00f3n Penal de Paran\u00e1 hab\u00eda confirmado la condena a Sebasti\u00e1n\nWagner, pero ordenado anular la de N\u00e9stor Pav\u00f3n y disponer que se realice un\nnuevo juicio.<\/p>\n\n\n\n<p>Si bien la lectura completa del veredicto estaba prevista\npara hoy a las 12, la misma se posterg\u00f3 hasta el viernes 28 de junio, a las 12.\nLa causa se denomina &#8220;Wagner, Sebasti\u00e1n Jos\u00e9 Luis-Pav\u00f3n, N\u00e9stor\nRoberto-Otero, Gabriel Ignacio-Abuso sexual con acceso carnal&#8221;.<\/p>\n","protected":false},"excerpt":{"rendered":"<p>As\u00ed lo inform\u00f3 el Servicio de Informaci\u00f3n y Comunicaci\u00f3n del Poder Judicial de Entre R\u00edos. La lectura prevista para hoy de esta manera se posterga hasta el 28 de junio a las 12. Cabe recordar que Casaci\u00f3n hab\u00eda confirmado la condena a Sebasti\u00e1n Wagner, pero orden\u00f3 anular la de N\u00e9stor Pav\u00f3n y dispuso que se realice un nuevo juicio Al pronunciarse sobre los recursos presentados por los abogados de las partes en la condena dictada por el Tribunal de Gualeguay por el femicidio de Micaela Garc\u00eda, ocurrido el 1 de&#8230;<\/p>\n","protected":false},"author":3,"featured_media":44653,"comment_status":"closed","ping_status":"closed","sticky":false,"template":"","format":"standard","meta":[],"categories":[9],"tags":[],"_links":{"self":[{"href":"https:\/\/www.actualidadadiario.com\/index.php\/wp-json\/wp\/v2\/posts\/47012"}],"collection":[{"href":"https:\/\/www.actualidadadiario.com\/index.php\/wp-json\/wp\/v2\/posts"}],"about":[{"href":"https:\/\/www.actualidadadiario.com\/index.php\/wp-json\/wp\/v2\/types\/post"}],"author":[{"embeddable":true,"href":"https:\/\/www.actualidadadiario.com\/index.php\/wp-json\/wp\/v2\/users\/3"}],"replies":[{"embeddable":true,"href":"https:\/\/www.actualidadadiario.com\/index.php\/wp-json\/wp\/v2\/comments?post=47012"}],"version-history":[{"count":1,"href":"https:\/\/www.actualidadadiario.com\/index.php\/wp-json\/wp\/v2\/posts\/47012\/revisions"}],"predecessor-version":[{"id":47013,"href":"https:\/\/www.actualidadadiario.com\/index.php\/wp-json\/wp\/v2\/posts\/47012\/revisions\/47013"}],"wp:featuredmedia":[{"embeddable":true,"href":"https:\/\/www.actualidadadiario.com\/index.php\/wp-json\/wp\/v2\/media\/44653"}],"wp:attachment":[{"href":"https:\/\/www.actualidadadiario.com\/index.php\/wp-json\/wp\/v2\/media?parent=47012"}],"wp:term":[{"taxonomy":"category","embeddable":true,"href":"https:\/\/www.actualidadadiario.com\/index.php\/wp-json\/wp\/v2\/categories?post=47012"},{"taxonomy":"post_tag","embeddable":true,"href":"https:\/\/www.actualidadadiario.com\/index.php\/wp-json\/wp\/v2\/tags?post=47012"}],"curies":[{"name":"wp","href":"https:\/\/api.w.org\/{rel}","templated":true}]}}