{"id":47009,"date":"2019-06-26T09:59:58","date_gmt":"2019-06-26T12:59:58","guid":{"rendered":"https:\/\/www.actualidadadiario.com\/?p=47009"},"modified":"2019-06-26T09:59:58","modified_gmt":"2019-06-26T12:59:58","slug":"terrible-incendio-en-el-salon-perteneciente-al-grupo-marquez-con-perdidas-totales","status":"publish","type":"post","link":"https:\/\/www.actualidadadiario.com\/index.php\/2019\/06\/26\/terrible-incendio-en-el-salon-perteneciente-al-grupo-marquez-con-perdidas-totales\/","title":{"rendered":"Terrible incendio en el sal\u00f3n perteneciente al \u201cGrupo M\u00e1rquez\u201d, con p\u00e9rdidas totales"},"content":{"rendered":"\n<p><strong><em>Minutos antes de las 22 horas se produjo un feroz incendio en el sal\u00f3n comercial del Grupo M\u00e1rquez, sito en Belgrano entre Sarmiento y Entre R\u00edos, de la ciudad de Chajar\u00ed <\/em><\/strong><\/p>\n\n\n\n<p><\/p>\n\n\n\n<p><\/p>\n\n\n\n<p>Las llamas, que seg\u00fan algunos testigos, fueron peque\u00f1as\ncomenzaron a tomar fuerza tomando en forma completa el sal\u00f3n y adem\u00e1s el galp\u00f3n\nque oficia de dep\u00f3sito, calcul\u00e1ndose p\u00e9rdidas totales de la mercader\u00eda all\u00ed\nubicada.<\/p>\n\n\n\n<p>Precisamente su propietario, Hern\u00e1n Pierucci,&nbsp; se encontraba en la reuni\u00f3n del Centro de\nActividades Econ\u00f3micas y fue, junto a sus compa\u00f1eros de comisi\u00f3n, los primeros\nque llegaron al siniestro.<\/p>\n\n\n\n<p>Ante el nerviosismo propio de la situaci\u00f3n tuvo que ser\natendido por una de las unidades de Emergencias Siempre que estuvieron en el\nlugar, junto tambi\u00e9n a la otra empresa SH Emergencias, quienes cuidaron\npermanentemente de la integridad f\u00edsica de quienes se movilizaban en el lugar\ndel siniestro.<\/p>\n\n\n\n<p>La atenci\u00f3n tambi\u00e9n estuvo centrada durante las casi dos\nhoras y media de fuego intenso, en todas las casas adyacentes al negocio\nquienes optaron por evacuarlas no solamente de quienes viv\u00edan en el lugar, sino\ntambi\u00e9n de todos los elementos como ropa, mesas, camas, mesas, sillas, etc. que\nfueron trasladados primeramente al cantero central y luego a un lugar m\u00e1s\nseguro.<\/p>\n\n\n\n<p>Los bomberos trabajaron en doble sentido, desde Avda.\nBelgrano con dos dotaciones y desde calle Bol\u00edvar, tambi\u00e9n con otras dos\ndotaciones pertenecientes a Chajar\u00ed y Mocoret\u00e1 quienes llegaron para apoyar a\nsus colegas entrerrianos.<\/p>\n\n\n\n<p>Unos 25 bomberos se distribuyeron en ambos lugares tratando\nde apagar el fuego que alcanz\u00f3 lenguas muy altas y que luego de m\u00e1s de 2 horas\ny media se logr\u00f3 apagar.<\/p>\n\n\n\n<p>La Municipalidad de Chajar\u00ed realiz\u00f3 el apoyo con tanques de\nagua, la Comisar\u00eda n\u00b0 1 y funcionarios policiales de Villa del Rosario tambi\u00e9n\nestuvieron presentes en el lugar.<\/p>\n\n\n\n<p>De acuerdo a lo informado por la Polic\u00eda local un perito de\nBomberos de la ciudad de Concordia se apersonar\u00e1 este mi\u00e9rcoles para tratar de\ndilucidar la causa del incendio y evaluar seguramente las p\u00e9rdidas ocurridas.<\/p>\n\n\n\n<p>No se tuvo que lamentar ning\u00fan tipo de lastimados en el siniestro.\n<\/p>\n","protected":false},"excerpt":{"rendered":"<p>Minutos antes de las 22 horas se produjo un feroz incendio en el sal\u00f3n comercial del Grupo M\u00e1rquez, sito en Belgrano entre Sarmiento y Entre R\u00edos, de la ciudad de Chajar\u00ed Las llamas, que seg\u00fan algunos testigos, fueron peque\u00f1as comenzaron a tomar fuerza tomando en forma completa el sal\u00f3n y adem\u00e1s el galp\u00f3n que oficia de dep\u00f3sito, calcul\u00e1ndose p\u00e9rdidas totales de la mercader\u00eda all\u00ed ubicada. Precisamente su propietario, Hern\u00e1n Pierucci,&nbsp; se encontraba en la reuni\u00f3n del Centro de Actividades Econ\u00f3micas y fue, junto a sus compa\u00f1eros de comisi\u00f3n, los primeros&#8230;<\/p>\n","protected":false},"author":3,"featured_media":47010,"comment_status":"closed","ping_status":"closed","sticky":false,"template":"","format":"standard","meta":[],"categories":[15],"tags":[],"_links":{"self":[{"href":"https:\/\/www.actualidadadiario.com\/index.php\/wp-json\/wp\/v2\/posts\/47009"}],"collection":[{"href":"https:\/\/www.actualidadadiario.com\/index.php\/wp-json\/wp\/v2\/posts"}],"about":[{"href":"https:\/\/www.actualidadadiario.com\/index.php\/wp-json\/wp\/v2\/types\/post"}],"author":[{"embeddable":true,"href":"https:\/\/www.actualidadadiario.com\/index.php\/wp-json\/wp\/v2\/users\/3"}],"replies":[{"embeddable":true,"href":"https:\/\/www.actualidadadiario.com\/index.php\/wp-json\/wp\/v2\/comments?post=47009"}],"version-history":[{"count":1,"href":"https:\/\/www.actualidadadiario.com\/index.php\/wp-json\/wp\/v2\/posts\/47009\/revisions"}],"predecessor-version":[{"id":47011,"href":"https:\/\/www.actualidadadiario.com\/index.php\/wp-json\/wp\/v2\/posts\/47009\/revisions\/47011"}],"wp:featuredmedia":[{"embeddable":true,"href":"https:\/\/www.actualidadadiario.com\/index.php\/wp-json\/wp\/v2\/media\/47010"}],"wp:attachment":[{"href":"https:\/\/www.actualidadadiario.com\/index.php\/wp-json\/wp\/v2\/media?parent=47009"}],"wp:term":[{"taxonomy":"category","embeddable":true,"href":"https:\/\/www.actualidadadiario.com\/index.php\/wp-json\/wp\/v2\/categories?post=47009"},{"taxonomy":"post_tag","embeddable":true,"href":"https:\/\/www.actualidadadiario.com\/index.php\/wp-json\/wp\/v2\/tags?post=47009"}],"curies":[{"name":"wp","href":"https:\/\/api.w.org\/{rel}","templated":true}]}}