{"id":47006,"date":"2019-06-26T09:59:17","date_gmt":"2019-06-26T12:59:17","guid":{"rendered":"https:\/\/www.actualidadadiario.com\/?p=47006"},"modified":"2019-06-26T09:59:17","modified_gmt":"2019-06-26T12:59:17","slug":"alberto-tiene-un-perfil-conciliador-y-eso-se-derrama-a-todo-el-poder","status":"publish","type":"post","link":"https:\/\/www.actualidadadiario.com\/index.php\/2019\/06\/26\/alberto-tiene-un-perfil-conciliador-y-eso-se-derrama-a-todo-el-poder\/","title":{"rendered":"\u201cAlberto tiene un perfil conciliador y eso se derrama a todo el poder\u201d"},"content":{"rendered":"\n<p><strong><em>Kueider destac\u00f3 la figura del candidato presidencial. Cuestion\u00f3 la idea del gobierno nacional de eliminar las PASO. \u201cSaben que se avecina una contundente derrota electoral en agosto que los dejar\u00eda muy mal posicionados para octubre\u201d, sostuvo<\/em><\/strong><\/p>\n\n\n\n<p><\/p>\n\n\n\n<p><\/p>\n\n\n\n<p>Edgardo Kueider consider\u00f3 que la intenci\u00f3n del oficialismo nacional de eliminar las PASO \u201cresponde claramente a un inter\u00e9s electoralista\u201d y afirm\u00f3 que \u201clo que quieren es ganar tiempo porque saben que se avecina una contundente derrota electoral en agosto que los dejar\u00eda muy mal posicionados para octubre\u201d.<br>\nPara el candidato a senador por el Frente de Todos, \u201cen plena campa\u00f1a cambiar las reglas de juego es una desprolijidad may\u00fascula y acompa\u00f1ada por una clara intencionalidad pol\u00edtica le da un toque de mala fe que no corresponde que sea analizada ahora\u201d. <br>\nEl funcionario asegur\u00f3 que asumir\u00e1 su banca \u201ccon total responsabilidad\u201d y que junto a sus compa\u00f1eros de lista va a representar los intereses de Entre R\u00edos \u201cde la mejor manera\u201d.<br>\nEl secretario General de la Gobernaci\u00f3n dijo que la agenda legislativa ser\u00e1 \u201cla de los entrerrianos y la que necesite el gobernador\u201d y que \u201cse tomar\u00e1n las decisiones de la agenda nacional en sinton\u00eda con los intereses de la provincia\u201d.<br>\nDestac\u00f3 la unidad del peronismo entrerriano al momento de conformar las listas para los pr\u00f3ximos comicios y anticip\u00f3 una campa\u00f1a estrictamente nacionalizada. \u201cLo que se va discutir es el futuro del pa\u00eds que estar\u00e1 en las manos de las f\u00f3rmulas presidenciales que competir\u00e1n\u201d, sostuvo. <br>\nY agreg\u00f3: \u201cVamos a acompa\u00f1ar un propuesta nacional encabezada por Alberto Fern\u00e1ndez para poder cambiar la realidad que hoy estamos viviendo. Y esa va ser la campa\u00f1a electoral, las cuestiones que vamos a discutir en cada una de las localidades\u201d.<br>\nSobre el proceso que determin\u00f3 la definici\u00f3n de los nombres que van a competir acompa\u00f1ando la boleta de la f\u00f3rmula presidencial del Frente de Todos, Kueider habl\u00f3 de su rol como articulador de \u201cacuerdos que se llegaron con los distintos sectores del peronismo entrerriano\u201d.<br>\nM\u00e1s adelante, expres\u00f3 su deseo de que Cristina Fern\u00e1ndez presida el Senado, \u201cporque eso significa que vamos a tener un gobierno con Alberto Fern\u00e1ndez al frente que representa nuestros intereses. Alberto tiene un perfil conciliador y esa es la impronta que se le quiere dar al pr\u00f3ximo gobierno y esto derrama a todo el poder pol\u00edtico hacia abajo\u201d.<br>\n\u201cAlberto Fern\u00e1ndez tiene una tarea importante por hacer. Considero que su perfil es el que se necesita para la pr\u00f3xima etapa del gobierno para todos los argentinos&#8221;, resalt\u00f3 finalmente.<\/p>\n","protected":false},"excerpt":{"rendered":"<p>Kueider destac\u00f3 la figura del candidato presidencial. Cuestion\u00f3 la idea del gobierno nacional de eliminar las PASO. \u201cSaben que se avecina una contundente derrota electoral en agosto que los dejar\u00eda muy mal posicionados para octubre\u201d, sostuvo Edgardo Kueider consider\u00f3 que la intenci\u00f3n del oficialismo nacional de eliminar las PASO \u201cresponde claramente a un inter\u00e9s electoralista\u201d y afirm\u00f3 que \u201clo que quieren es ganar tiempo porque saben que se avecina una contundente derrota electoral en agosto que los dejar\u00eda muy mal posicionados para octubre\u201d. Para el candidato a senador por el&#8230;<\/p>\n","protected":false},"author":3,"featured_media":47007,"comment_status":"closed","ping_status":"closed","sticky":false,"template":"","format":"standard","meta":[],"categories":[15],"tags":[],"_links":{"self":[{"href":"https:\/\/www.actualidadadiario.com\/index.php\/wp-json\/wp\/v2\/posts\/47006"}],"collection":[{"href":"https:\/\/www.actualidadadiario.com\/index.php\/wp-json\/wp\/v2\/posts"}],"about":[{"href":"https:\/\/www.actualidadadiario.com\/index.php\/wp-json\/wp\/v2\/types\/post"}],"author":[{"embeddable":true,"href":"https:\/\/www.actualidadadiario.com\/index.php\/wp-json\/wp\/v2\/users\/3"}],"replies":[{"embeddable":true,"href":"https:\/\/www.actualidadadiario.com\/index.php\/wp-json\/wp\/v2\/comments?post=47006"}],"version-history":[{"count":1,"href":"https:\/\/www.actualidadadiario.com\/index.php\/wp-json\/wp\/v2\/posts\/47006\/revisions"}],"predecessor-version":[{"id":47008,"href":"https:\/\/www.actualidadadiario.com\/index.php\/wp-json\/wp\/v2\/posts\/47006\/revisions\/47008"}],"wp:featuredmedia":[{"embeddable":true,"href":"https:\/\/www.actualidadadiario.com\/index.php\/wp-json\/wp\/v2\/media\/47007"}],"wp:attachment":[{"href":"https:\/\/www.actualidadadiario.com\/index.php\/wp-json\/wp\/v2\/media?parent=47006"}],"wp:term":[{"taxonomy":"category","embeddable":true,"href":"https:\/\/www.actualidadadiario.com\/index.php\/wp-json\/wp\/v2\/categories?post=47006"},{"taxonomy":"post_tag","embeddable":true,"href":"https:\/\/www.actualidadadiario.com\/index.php\/wp-json\/wp\/v2\/tags?post=47006"}],"curies":[{"name":"wp","href":"https:\/\/api.w.org\/{rel}","templated":true}]}}