{"id":47004,"date":"2019-06-26T09:58:33","date_gmt":"2019-06-26T12:58:33","guid":{"rendered":"https:\/\/www.actualidadadiario.com\/?p=47004"},"modified":"2019-06-26T09:58:33","modified_gmt":"2019-06-26T12:58:33","slug":"bordet-se-pronuncio-a-favor-de-reformar-el-sistema-de-sufragio-pero-fuera-del-periodo-electoral","status":"publish","type":"post","link":"https:\/\/www.actualidadadiario.com\/index.php\/2019\/06\/26\/bordet-se-pronuncio-a-favor-de-reformar-el-sistema-de-sufragio-pero-fuera-del-periodo-electoral\/","title":{"rendered":"Bordet se pronunci\u00f3 a favor de reformar el sistema de sufragio pero \u201cfuera del per\u00edodo electoral\u201d"},"content":{"rendered":"\n<p><strong><em>Las expresiones del mandatario surgieron a ra\u00edz del anuncio de un grupo de diputados de la UCR sobre la presentaci\u00f3n de un proyecto para suspender las PASO presidenciales en los espacios pol\u00edticos que no tengan competencia interna. \u201cEstos temas hay que hablarlos fuera del per\u00edodo electoral, cuando hay tiempo y no hay intereses en juego\u201d<\/em><\/strong><\/p>\n\n\n\n<p><\/p>\n\n\n\n<p><\/p>\n\n\n\n<p>El gobernador Gustavo Bordet mantuvo este martes contacto\ncon la prensa al participar de la apertura del Foro Anual del Consejo\nEmpresario. All\u00ed fue consultado sobre el proyecto que presentar\u00e1 este martes un\ngrupo de diputados de la UCR que propone suspender las elecciones primarias\npresidenciales y las provinciales de aquellas jurisdicciones en que los\nespacios pol\u00edticos no tengan ninguna competencia interna.<\/p>\n\n\n\n<p>\u201cEstos temas hay que hablarlos fuera del per\u00edodo electoral,\nsiempre son recurrentes cuando hay elecciones y despu\u00e9s normalmente se\nolvidan\u201d, opin\u00f3.<\/p>\n\n\n\n<p>Bordet record\u00f3 que present\u00f3 el a\u00f1o pasado en la Legislatura\nentrerriana un proyecto de reforma pol\u00edtica cuando \u201cno hab\u00eda elecciones en la\nprovincia, para mejorar la calidad del sistema democr\u00e1tico\u201d. En ese sentido\nadmiti\u00f3 que \u201ctodo lo que sea en favor de garantizar que el voto del ciudadano\nrepresente de manera cabal la voluntad del momento de sufragar siempre es bueno,\npero tambi\u00e9n es bueno que esto se haga fuera del per\u00edodo electoral cuando hay\ntiempo y no hay intereses en juego\u201d.<\/p>\n\n\n\n<p>Entendi\u00f3 que una vez \u201cagotado el proceso, con las nuevas\nautoridades electas hay que dar una gran discusi\u00f3n para mejorar las\ninstituciones y el sistema de sufragio en Argentina\u201d.<\/p>\n","protected":false},"excerpt":{"rendered":"<p>Las expresiones del mandatario surgieron a ra\u00edz del anuncio de un grupo de diputados de la UCR sobre la presentaci\u00f3n de un proyecto para suspender las PASO presidenciales en los espacios pol\u00edticos que no tengan competencia interna. \u201cEstos temas hay que hablarlos fuera del per\u00edodo electoral, cuando hay tiempo y no hay intereses en juego\u201d El gobernador Gustavo Bordet mantuvo este martes contacto con la prensa al participar de la apertura del Foro Anual del Consejo Empresario. All\u00ed fue consultado sobre el proyecto que presentar\u00e1 este martes un grupo de&#8230;<\/p>\n","protected":false},"author":3,"featured_media":41074,"comment_status":"closed","ping_status":"closed","sticky":false,"template":"","format":"standard","meta":[],"categories":[15],"tags":[],"_links":{"self":[{"href":"https:\/\/www.actualidadadiario.com\/index.php\/wp-json\/wp\/v2\/posts\/47004"}],"collection":[{"href":"https:\/\/www.actualidadadiario.com\/index.php\/wp-json\/wp\/v2\/posts"}],"about":[{"href":"https:\/\/www.actualidadadiario.com\/index.php\/wp-json\/wp\/v2\/types\/post"}],"author":[{"embeddable":true,"href":"https:\/\/www.actualidadadiario.com\/index.php\/wp-json\/wp\/v2\/users\/3"}],"replies":[{"embeddable":true,"href":"https:\/\/www.actualidadadiario.com\/index.php\/wp-json\/wp\/v2\/comments?post=47004"}],"version-history":[{"count":1,"href":"https:\/\/www.actualidadadiario.com\/index.php\/wp-json\/wp\/v2\/posts\/47004\/revisions"}],"predecessor-version":[{"id":47005,"href":"https:\/\/www.actualidadadiario.com\/index.php\/wp-json\/wp\/v2\/posts\/47004\/revisions\/47005"}],"wp:featuredmedia":[{"embeddable":true,"href":"https:\/\/www.actualidadadiario.com\/index.php\/wp-json\/wp\/v2\/media\/41074"}],"wp:attachment":[{"href":"https:\/\/www.actualidadadiario.com\/index.php\/wp-json\/wp\/v2\/media?parent=47004"}],"wp:term":[{"taxonomy":"category","embeddable":true,"href":"https:\/\/www.actualidadadiario.com\/index.php\/wp-json\/wp\/v2\/categories?post=47004"},{"taxonomy":"post_tag","embeddable":true,"href":"https:\/\/www.actualidadadiario.com\/index.php\/wp-json\/wp\/v2\/tags?post=47004"}],"curies":[{"name":"wp","href":"https:\/\/api.w.org\/{rel}","templated":true}]}}