{"id":47001,"date":"2019-06-26T09:57:52","date_gmt":"2019-06-26T12:57:52","guid":{"rendered":"https:\/\/www.actualidadadiario.com\/?p=47001"},"modified":"2019-06-26T09:57:52","modified_gmt":"2019-06-26T12:57:52","slug":"la-fecier-respondio-a-las-criticas-por-la-reunion-con-cfk-y-urribarri","status":"publish","type":"post","link":"https:\/\/www.actualidadadiario.com\/index.php\/2019\/06\/26\/la-fecier-respondio-a-las-criticas-por-la-reunion-con-cfk-y-urribarri\/","title":{"rendered":"La Fecier respondi\u00f3  a las cr\u00edticas por la reuni\u00f3n con CFK y Urribarri"},"content":{"rendered":"\n<p><strong><em>\u201cLa soluci\u00f3n la tienen los pol\u00edticos y no nos importa de qu\u00e9 color son\u201d. As\u00ed contest\u00f3 a las cr\u00edticas y se refiri\u00f3 a la reuni\u00f3n que mantuvieron diferentes referentes citr\u00edcolas con la ex presidenta y ahora precandidata a la vicepresidencia de la Naci\u00f3n, Cristina Fern\u00e1ndez de Kirchner; el vicepresidente de la Federaci\u00f3n del Citrus de Entre R\u00edos (Fecier), Dante Grigolatto <\/em><\/strong><\/p>\n\n\n\n<p><\/p>\n\n\n\n<p><\/p>\n\n\n\n<p>\u201cAc\u00e1 los problemas que tienen las econom\u00edas regionales los\n\u00fanicos que tienen las soluciones son las clases pol\u00edticas. En ese marco estamos\npr\u00f3ximo a una nueva elecciones y comienzan a llamar para interiorizarse sobre\nlas problem\u00e1ticas que se tiene y ofrecer promesas de soluciones que despu\u00e9s no\nsabemos, porque incluso han estado en el poder como en este caso y no hay\npodido solucionar\u201d, remarc\u00f3&nbsp; Grigolatto\nante los micr\u00f3fonos de Radio Libertad.<\/p>\n\n\n\n<p>En ese marco, el referente citr\u00edcola sostuvo que \u201choy la\nsoluci\u00f3n la tiene Macri y hasta ahora seguimos esperando soluciones como la\nreglamentaci\u00f3n de la Ley de Emergencia; esa soluci\u00f3n no est\u00e1 llegando y eso es\nlo que nos afecta, nos importa; entonces no nos importa quien este o de qu\u00e9\ncolor pol\u00edtico sea el que este arriba; lo \u00fanico que nos tiene que interesar es\nque quien este en el poder pueda solucionar los problemas de los argentinos\u201d.<\/p>\n\n\n\n<p>Grigolatto precis\u00f3 que en el encuentro del pasado lunes \u201cse\nhabl\u00f3 de la ley de jugo, una ley que el mismo gobierno de Cristina fue el que\nen su momento nos boicote\u00f3 la ley porque se dej\u00f3 presionar por las grandes\nempresas. Pero bajar los brazos no es una opci\u00f3n y tenemos que seguir\ngestionando\u201d.<\/p>\n\n\n\n<p>La baja de los impuestos fue otro de los temas tratados,\nante lo que el dirigente gremial opin\u00f3 que \u201ceste pa\u00eds no va a creer con las\ncondiciones laborales que tiene Argentina y nadie va a venir a invertir en el\npa\u00eds con estos impuesto, en donde cada uno termina haciendo lo que quiera\u201d.<\/p>\n\n\n\n<p>Por \u00faltimo, el vicepresidente de la FeCIER adelant\u00f3 que\n\u201cma\u00f1ana volvemos a reunirnos, en este caso ser\u00e1 con Pichetto y Bullrich; donde\nseguramente nos sacaremos una foto y habr\u00e1 repercusi\u00f3n, pero no se trata de eso\nsino que necesitamos que la Ley de Emergencia se reglamente, por eso tenemos\nque ver m\u00e1s all\u00e1 del color pol\u00edtico\u201d, concluy\u00f3. <\/p>\n","protected":false},"excerpt":{"rendered":"<p>\u201cLa soluci\u00f3n la tienen los pol\u00edticos y no nos importa de qu\u00e9 color son\u201d. As\u00ed contest\u00f3 a las cr\u00edticas y se refiri\u00f3 a la reuni\u00f3n que mantuvieron diferentes referentes citr\u00edcolas con la ex presidenta y ahora precandidata a la vicepresidencia de la Naci\u00f3n, Cristina Fern\u00e1ndez de Kirchner; el vicepresidente de la Federaci\u00f3n del Citrus de Entre R\u00edos (Fecier), Dante Grigolatto \u201cAc\u00e1 los problemas que tienen las econom\u00edas regionales los \u00fanicos que tienen las soluciones son las clases pol\u00edticas. En ese marco estamos pr\u00f3ximo a una nueva elecciones y comienzan a&#8230;<\/p>\n","protected":false},"author":3,"featured_media":47002,"comment_status":"closed","ping_status":"closed","sticky":false,"template":"","format":"standard","meta":[],"categories":[15],"tags":[],"_links":{"self":[{"href":"https:\/\/www.actualidadadiario.com\/index.php\/wp-json\/wp\/v2\/posts\/47001"}],"collection":[{"href":"https:\/\/www.actualidadadiario.com\/index.php\/wp-json\/wp\/v2\/posts"}],"about":[{"href":"https:\/\/www.actualidadadiario.com\/index.php\/wp-json\/wp\/v2\/types\/post"}],"author":[{"embeddable":true,"href":"https:\/\/www.actualidadadiario.com\/index.php\/wp-json\/wp\/v2\/users\/3"}],"replies":[{"embeddable":true,"href":"https:\/\/www.actualidadadiario.com\/index.php\/wp-json\/wp\/v2\/comments?post=47001"}],"version-history":[{"count":1,"href":"https:\/\/www.actualidadadiario.com\/index.php\/wp-json\/wp\/v2\/posts\/47001\/revisions"}],"predecessor-version":[{"id":47003,"href":"https:\/\/www.actualidadadiario.com\/index.php\/wp-json\/wp\/v2\/posts\/47001\/revisions\/47003"}],"wp:featuredmedia":[{"embeddable":true,"href":"https:\/\/www.actualidadadiario.com\/index.php\/wp-json\/wp\/v2\/media\/47002"}],"wp:attachment":[{"href":"https:\/\/www.actualidadadiario.com\/index.php\/wp-json\/wp\/v2\/media?parent=47001"}],"wp:term":[{"taxonomy":"category","embeddable":true,"href":"https:\/\/www.actualidadadiario.com\/index.php\/wp-json\/wp\/v2\/categories?post=47001"},{"taxonomy":"post_tag","embeddable":true,"href":"https:\/\/www.actualidadadiario.com\/index.php\/wp-json\/wp\/v2\/tags?post=47001"}],"curies":[{"name":"wp","href":"https:\/\/api.w.org\/{rel}","templated":true}]}}