{"id":46999,"date":"2019-06-26T09:56:41","date_gmt":"2019-06-26T12:56:41","guid":{"rendered":"https:\/\/www.actualidadadiario.com\/?p=46999"},"modified":"2019-06-26T09:56:41","modified_gmt":"2019-06-26T12:56:41","slug":"se-realizo-en-el-hospital-san-martin-de-parana-una-nueva-donacion-de-organos-y-tejidos","status":"publish","type":"post","link":"https:\/\/www.actualidadadiario.com\/index.php\/2019\/06\/26\/se-realizo-en-el-hospital-san-martin-de-parana-una-nueva-donacion-de-organos-y-tejidos\/","title":{"rendered":"Se realiz\u00f3 en el Hospital San Mart\u00edn de Paran\u00e1 una nueva donaci\u00f3n de \u00f3rganos y tejidos"},"content":{"rendered":"\n<p><strong><em>La trig\u00e9sima donaci\u00f3n de \u00f3rganos y tejidos del a\u00f1o en Entre R\u00edos, permitir\u00e1 el acceso al trasplante de cinco pacientes en lista de espera del Instituto Nacional Central \u00danico Coordinador de Ablaci\u00f3n e Implante (Incucai). La misma coloca a la provincia al tope del \u00edndice de donantes por mill\u00f3n<\/em><\/strong><\/p>\n\n\n\n<p><\/p>\n\n\n\n<p><\/p>\n\n\n\n<p>Entre la noche del lunes y la ma\u00f1ana de este martes se\nrealiz\u00f3 en el Hospital San Mart\u00edn de Paran\u00e1 la trig\u00e9sima ablaci\u00f3n de \u00f3rganos y\ntejidos. El procedimiento permiti\u00f3 el acceso al trasplante a cinco pacientes en\nlista de espera del Instituto Nacional Central \u00danico Coordinador de Ablaci\u00f3n e\nImplante (Incucai).<\/p>\n\n\n\n<p>Con la coordinaci\u00f3n de la Unidad Paran\u00e1 del Centro \u00danico\nCoordinador de Ablaci\u00f3n e Implante de Entre R\u00edos (Cucaier) se llev\u00f3 a cabo el\nprocedimiento del que participaron profesionales de la Fundaci\u00f3n Favaloro,\ndesignados por el Incucai para intervenir en el operativo, quienes llegaron v\u00eda\na\u00e9rea a Paran\u00e1. Las malas condiciones clim\u00e1ticas, con escasa visibilidad debido\na la neblina, demoraron sustancialmente el despegue y posterior aterrizaje.<\/p>\n\n\n\n<p>Ya son 30 las donaciones multiorg\u00e1nicas y 33 de s\u00f3lo tejidos\nrealizadas durante 2019 en Entre R\u00edos. Esta gran respuesta por parte de la\ncomunidad ubica a la provincia al tope del \u00edndice de donantes por mill\u00f3n de\npoblaci\u00f3n, datos que refleja el sitio web del Incucai con el Sistema Nacional\nde Informaci\u00f3n de Procuraci\u00f3n y Trasplante de la Rep\u00fablica Argentina (Sintra)\nen tiempo real: (https:\/\/www.incucai.gov.ar\/mod_estadisticas\/donantes_reales_comparativo_mensual.php).<\/p>\n","protected":false},"excerpt":{"rendered":"<p>La trig\u00e9sima donaci\u00f3n de \u00f3rganos y tejidos del a\u00f1o en Entre R\u00edos, permitir\u00e1 el acceso al trasplante de cinco pacientes en lista de espera del Instituto Nacional Central \u00danico Coordinador de Ablaci\u00f3n e Implante (Incucai). La misma coloca a la provincia al tope del \u00edndice de donantes por mill\u00f3n Entre la noche del lunes y la ma\u00f1ana de este martes se realiz\u00f3 en el Hospital San Mart\u00edn de Paran\u00e1 la trig\u00e9sima ablaci\u00f3n de \u00f3rganos y tejidos. El procedimiento permiti\u00f3 el acceso al trasplante a cinco pacientes en lista de espera&#8230;<\/p>\n","protected":false},"author":3,"featured_media":19620,"comment_status":"closed","ping_status":"closed","sticky":false,"template":"","format":"standard","meta":[],"categories":[15],"tags":[],"_links":{"self":[{"href":"https:\/\/www.actualidadadiario.com\/index.php\/wp-json\/wp\/v2\/posts\/46999"}],"collection":[{"href":"https:\/\/www.actualidadadiario.com\/index.php\/wp-json\/wp\/v2\/posts"}],"about":[{"href":"https:\/\/www.actualidadadiario.com\/index.php\/wp-json\/wp\/v2\/types\/post"}],"author":[{"embeddable":true,"href":"https:\/\/www.actualidadadiario.com\/index.php\/wp-json\/wp\/v2\/users\/3"}],"replies":[{"embeddable":true,"href":"https:\/\/www.actualidadadiario.com\/index.php\/wp-json\/wp\/v2\/comments?post=46999"}],"version-history":[{"count":1,"href":"https:\/\/www.actualidadadiario.com\/index.php\/wp-json\/wp\/v2\/posts\/46999\/revisions"}],"predecessor-version":[{"id":47000,"href":"https:\/\/www.actualidadadiario.com\/index.php\/wp-json\/wp\/v2\/posts\/46999\/revisions\/47000"}],"wp:featuredmedia":[{"embeddable":true,"href":"https:\/\/www.actualidadadiario.com\/index.php\/wp-json\/wp\/v2\/media\/19620"}],"wp:attachment":[{"href":"https:\/\/www.actualidadadiario.com\/index.php\/wp-json\/wp\/v2\/media?parent=46999"}],"wp:term":[{"taxonomy":"category","embeddable":true,"href":"https:\/\/www.actualidadadiario.com\/index.php\/wp-json\/wp\/v2\/categories?post=46999"},{"taxonomy":"post_tag","embeddable":true,"href":"https:\/\/www.actualidadadiario.com\/index.php\/wp-json\/wp\/v2\/tags?post=46999"}],"curies":[{"name":"wp","href":"https:\/\/api.w.org\/{rel}","templated":true}]}}