{"id":46996,"date":"2019-06-26T09:55:58","date_gmt":"2019-06-26T12:55:58","guid":{"rendered":"https:\/\/www.actualidadadiario.com\/?p=46996"},"modified":"2019-06-26T09:55:58","modified_gmt":"2019-06-26T12:55:58","slug":"para-generar-mas-empleo-bordet-ratifico-la-eliminacion-de-impuestos-distorsivos-al-sector-privado","status":"publish","type":"post","link":"https:\/\/www.actualidadadiario.com\/index.php\/2019\/06\/26\/para-generar-mas-empleo-bordet-ratifico-la-eliminacion-de-impuestos-distorsivos-al-sector-privado\/","title":{"rendered":"Para generar m\u00e1s empleo, Bordet ratific\u00f3 la eliminaci\u00f3n de impuestos distorsivos al sector privado"},"content":{"rendered":"\n<p><strong><em>\u201cLa sociedad argentina est\u00e1 fragmentada, se prioriza acentuar las divisiones por encima de las coincidencias, y tenemos que ser capaces de poder tener la empat\u00eda necesaria para poder lograr un proceso de uni\u00f3n\u201d, expres\u00f3 hoy el gobernador ante m\u00e1s de 700 empresarios<\/em><\/strong><\/p>\n\n\n\n<p><\/p>\n\n\n\n<p><\/p>\n\n\n\n<p>Y agreg\u00f3: \u201cEsto no significa que podamos estar en un todo de\nacuerdo, pero s\u00ed que podamos estarlo en los objetivos importantes sobre los que\nnadie puede ni debe discutir\u201d. <\/p>\n\n\n\n<p>\u201cSomos permeables a las cr\u00edticas, porque esto muchas veces\nnos obliga a reconocer y a corregir errores que podemos tener en gesti\u00f3n;\nsiempre atendemos a todos los sectores y siempre ponemos lo mejor en nuestro\ngobierno, a nuestros colaboradores, para poder atender las demandas sectoriales\nque muchas veces son justas; y que otras veces son productos que derivan de una\nsituaci\u00f3n macroecon\u00f3mica\u201d.<\/p>\n\n\n\n<p>\u201cPero no echamos culpas, ni descargamos estas culpas, sino\nque asumimos la responsabilidad que nos toca, poni\u00e9ndonos al frente de las\ndemandas de nuestros productores y empresarios. Este es el camino de encuentro\nque tenemos que tener\u201d, enfatiz\u00f3.<\/p>\n\n\n\n<p>Fue durante el XIV Foro Institucionalidad, competitividad y\ndesarrollo sustentable Entre R\u00edos 2030, organizado por Consejo Empresario de\nEntre R\u00edos, en el que Bordet estuvo acompa\u00f1ado por el vicegobernador Ad\u00e1n Bahl;\nlos ministros de Desarrollo Social, Laura Stratta, y de Econom\u00eda, Hugo Ballay,\ny el secretario de Energ\u00eda, Jorge Gonz\u00e1lez, el que se desarroll\u00f3 este martes en\nel Centro Provincial de Convenciones, en Paran\u00e1.<\/p>\n\n\n\n<p>Mencion\u00f3 que \u201cvenimos trabajando en la provincia dentro de\nlo que nos comprometimos en el consenso fiscal -le hemos dado cumplimiento de\nmanera paulatina durante 2019 y tendr\u00e1 plena vigencia a partir del 1 de enero\nde 2020-, donde quedan eliminados varios impuestos distorsivos; estamos en un\n50 por ciento de su eliminaci\u00f3n este a\u00f1o y un 100 por ciento el a\u00f1o que viene\u201d.<\/p>\n\n\n\n<p>Tambi\u00e9n se refiri\u00f3 a las distintas l\u00edneas de cr\u00e9dito que\ntiene el gobierno a trav\u00e9s del Consejo Federal de Inversiones (CFI), donde \u201chay\nm\u00e1s de 600 millones de pesos volcados en cr\u00e9ditos a distintos sectores de la\nvida empresaria de nuestra provincia; y hay un dato que no es menor, que la\ntasa de cobrabilidad est\u00e1 en el 98 por ciento, lo cual habla muy bien de\nnuestros empresarios que toman los cr\u00e9ditos\u201d.<\/p>\n\n\n\n<p>Al hablar en la apertura del encuentro, Bordet se\u00f1al\u00f3 que\n\u201cestamos en momentos dif\u00edciles, de condiciones macroecon\u00f3micas que no ayudan,\nde variables que hoy dificultan el crecimiento, el desarrollo, la generaci\u00f3n de\nempleo, pero no estoy aqu\u00ed para realizar cr\u00edticas sino para poner nuestro grano\nde arena desde el lugar que nos toca\u201d.<\/p>\n\n\n\n<p>En ese sentido, consider\u00f3 que \u201ctenemos que ser capaces de\nencontrar ente todos las medidas y formas necesarias para poder llevar adelante\nnuestros objetivos, que son comunes y compartidos, que no pueden estar\ndisociados; y en este camino nos van a encontrar trabajando\u201d.<\/p>\n\n\n\n<p>\u201cPor eso, cuando nos trazamos metas a largo plazo hay\ncuestiones sobre las que nadie puede discutir ni generar divisiones est\u00e9riles\npara que no alcancemos esos objetivos; en esta jornada abogo para que podamos\nseguir trabajando de esta manera, hacerlo con el mismo entusiasmo, y a pesar de\nlas dificultades poner lo mejor de cada uno de nosotros\u201d, subray\u00f3.<\/p>\n\n\n\n<p><strong>Trabajo en conjunto<\/strong><\/p>\n\n\n\n<p>Previamente, el mandatario se\u00f1al\u00f3 que estar en estas\njornadas \u201cratifica este camino que hemos emprendido hace cuatro a\u00f1os de poder\ntrabajar en conjunto, articular pol\u00edticas p\u00fablicas y sectoriales desde el\nconjunto; entender la l\u00f3gica de funcionamiento de una provincia como la\nnuestra, donde las cadenas de valor que genera la agroindustria y tambi\u00e9n otro\ntipo de actividades comerciales y de servicios, hacen que de esa diversidad se\npueda sostener un desarrollo econ\u00f3mico y la generaci\u00f3n de empleo\u201d.<\/p>\n\n\n\n<p>Tras mencionar algunos acciones que se vienen llevando en\nconjunto desde el inicio de la gesti\u00f3n, como la medici\u00f3n de un indicador con la\nUNER, la Direcci\u00f3n de Estad\u00edsticas y Censos de la provincia y el Consejo\nEmpresario, se\u00f1al\u00f3 que el pr\u00f3ximo \u201cdesaf\u00edo compartido es poder avanzar en la\nconstrucci\u00f3n de una agencia de inversiones para la provincia de Entre R\u00edos, que\notras provincias tienen en funcionamiento y da excelentes resultados\u201d.<\/p>\n\n\n\n<p>Al respecto, dijo que \u201cvamos a poner el m\u00e1ximo de esfuerzo\npara articuladamente lograr tenerla, para que pueda ejecutar dise\u00f1ar y promover\ntodo lo que representa para la provincia en materia de inversiones y\nexportaciones\u201d.<\/p>\n\n\n\n<p><strong>Esfuerzo mancomunado<\/strong><\/p>\n\n\n\n<p>Por su parte, el vicegobernador Ad\u00e1n Bahl manifest\u00f3 que\n\u201cjustamente hoy \u2013cuando festejamos el 206\u00ba Aniversario de Paran\u00e1- nos alegra\nque se est\u00e9 celebrando este Foro Anual que convoca a empresarios entrerrianos,\npero tambi\u00e9n a l\u00edderes sociales, pol\u00edticos y referentes de instituciones para\ndebatir los desaf\u00edos que nos propone el futuro, en lo inmediato y en las\npr\u00f3ximas d\u00e9cadas\u201d.<\/p>\n\n\n\n<p>\u201cMuchos de los temas de la agenda deben ser abordados desde\nlos gobiernos locales, provinciales y nacionales de manera urgente; requieren\nde un esfuerzo mancomunado, compartido y complementario entre el Estado y el\nsector privado. Y para eso debemos fortalecer canales de di\u00e1logo como estos y\nabrir espacios de intercambio permanente\u201d, indic\u00f3.<\/p>\n\n\n\n<p><strong>Salvar grietas<\/strong><\/p>\n\n\n\n<p>En tanto, el presidente del Consejo Empresario de Entre\nR\u00edos, H\u00e9ctor Fratoni, dijo estar orgulloso de inaugurar el 14\u00ba Foro Anual de la\nentidad que preside, &#8220;una organizaci\u00f3n que lleva trabajando en la provincia\n21 a\u00f1os sin interrupciones&#8221;.<\/p>\n\n\n\n<p>Luego hizo referencia a la misi\u00f3n de esa entidad, que\n&#8220;es promover el desarrollo econ\u00f3mico sostenible, logrando una\nparticipaci\u00f3n activa de la comunidad empresaria, con propuestas e ideas que\naporten beneficios al conjunto de la sociedad entrerriana&#8221;, entre otros\nobjetivos, y acot\u00f3 que tambi\u00e9n se trabaja por &#8220;contribuir al logro de una\nprovincia integrada, tanto social como territorialmente con una verdadera\ndiversificaci\u00f3n en materia productiva e industrial&#8221; y &#8220;por una\nprovincia sostenida por el cuidado del medio ambiente&#8221;, apuntando a\ngarantizar &#8220;calidad de vida y empleo para todos&#8221;.<\/p>\n\n\n\n<p>&#8220;Estos son conceptos suficientemente ambiciosos como\npara definir una enorme agenda de trabajo&#8221;, sostuvo y se pronunci\u00f3 por\ntrabajar por &#8220;el bien com\u00fan que tiene al ciudadano en el centro&#8221;.\n&#8220;Debemos empezar a pensar que el verdadero poder est\u00e1 en encontrar la\nmanera de cruzar el puente que me lleva al otro, al que piensa distinto, al que\nno comprendo. Nuestro pa\u00eds est\u00e1 atravesado por grietas que es necesario salvar,\ny no es s\u00f3lo pol\u00edtica, sino que tambi\u00e9n tenemos la social, la de la educaci\u00f3n,\nla del sector privado vs el p\u00fablico, la de g\u00e9nero y podr\u00edamos seguir. Todos\nformamos parte de esto y debemos hacer el esfuerzo necesario para\nsuperarlo&#8221;, acot\u00f3 finalmente.<\/p>\n","protected":false},"excerpt":{"rendered":"<p>\u201cLa sociedad argentina est\u00e1 fragmentada, se prioriza acentuar las divisiones por encima de las coincidencias, y tenemos que ser capaces de poder tener la empat\u00eda necesaria para poder lograr un proceso de uni\u00f3n\u201d, expres\u00f3 hoy el gobernador ante m\u00e1s de 700 empresarios Y agreg\u00f3: \u201cEsto no significa que podamos estar en un todo de acuerdo, pero s\u00ed que podamos estarlo en los objetivos importantes sobre los que nadie puede ni debe discutir\u201d. \u201cSomos permeables a las cr\u00edticas, porque esto muchas veces nos obliga a reconocer y a corregir errores que&#8230;<\/p>\n","protected":false},"author":3,"featured_media":46997,"comment_status":"closed","ping_status":"closed","sticky":false,"template":"","format":"standard","meta":[],"categories":[9],"tags":[],"_links":{"self":[{"href":"https:\/\/www.actualidadadiario.com\/index.php\/wp-json\/wp\/v2\/posts\/46996"}],"collection":[{"href":"https:\/\/www.actualidadadiario.com\/index.php\/wp-json\/wp\/v2\/posts"}],"about":[{"href":"https:\/\/www.actualidadadiario.com\/index.php\/wp-json\/wp\/v2\/types\/post"}],"author":[{"embeddable":true,"href":"https:\/\/www.actualidadadiario.com\/index.php\/wp-json\/wp\/v2\/users\/3"}],"replies":[{"embeddable":true,"href":"https:\/\/www.actualidadadiario.com\/index.php\/wp-json\/wp\/v2\/comments?post=46996"}],"version-history":[{"count":1,"href":"https:\/\/www.actualidadadiario.com\/index.php\/wp-json\/wp\/v2\/posts\/46996\/revisions"}],"predecessor-version":[{"id":46998,"href":"https:\/\/www.actualidadadiario.com\/index.php\/wp-json\/wp\/v2\/posts\/46996\/revisions\/46998"}],"wp:featuredmedia":[{"embeddable":true,"href":"https:\/\/www.actualidadadiario.com\/index.php\/wp-json\/wp\/v2\/media\/46997"}],"wp:attachment":[{"href":"https:\/\/www.actualidadadiario.com\/index.php\/wp-json\/wp\/v2\/media?parent=46996"}],"wp:term":[{"taxonomy":"category","embeddable":true,"href":"https:\/\/www.actualidadadiario.com\/index.php\/wp-json\/wp\/v2\/categories?post=46996"},{"taxonomy":"post_tag","embeddable":true,"href":"https:\/\/www.actualidadadiario.com\/index.php\/wp-json\/wp\/v2\/tags?post=46996"}],"curies":[{"name":"wp","href":"https:\/\/api.w.org\/{rel}","templated":true}]}}