{"id":46992,"date":"2019-06-25T10:44:34","date_gmt":"2019-06-25T13:44:34","guid":{"rendered":"https:\/\/www.actualidadadiario.com\/?p=46992"},"modified":"2019-06-25T10:44:34","modified_gmt":"2019-06-25T13:44:34","slug":"llaman-a-huelga-general-en-uruguay-en-defensa-de-la-negociacion-colectiva","status":"publish","type":"post","link":"https:\/\/www.actualidadadiario.com\/index.php\/2019\/06\/25\/llaman-a-huelga-general-en-uruguay-en-defensa-de-la-negociacion-colectiva\/","title":{"rendered":"Llaman a huelga general en Uruguay en defensa de la negociaci\u00f3n colectiva"},"content":{"rendered":"\n<p><strong><em>La central obrera uruguaya, el PIT-CNT, llam\u00f3 a una huelga general para hoy, despu\u00e9s de que la Organizaci\u00f3n Internacional del Trabajo (OIT) recibiera una demanda patronal para que se revise la ley de negociaci\u00f3n colectiva<\/em><\/strong><\/p>\n\n\n\n<p><\/p>\n\n\n\n<p><\/p>\n\n\n\n<p>La huelga afectar\u00e1 a la banca, la ense\u00f1anza, la\nconstrucci\u00f3n, el transporte y los servicios p\u00fablicos, dijeron voceros\nsindicales.<\/p>\n\n\n\n<p>&#8220;El derecho al trabajo se defiende luchando. Este 25 de\njunio paro general de 24 horas en defensa del empleo, de buenas condiciones de\ntrabajo, de la negociaci\u00f3n colectiva y contra la denuncia de las c\u00e1maras\nempresariales en la OIT, que atenta contra las conquistas de la clase\ntrabajadora&#8221;, declar\u00f3 el PIT-CNT en un video publicado en su cuenta de\nTwitter.<\/p>\n\n\n\n<p>La Comisi\u00f3n de Aplicaci\u00f3n de Normas de la OIT decidi\u00f3 hace\nquince d\u00edas incluir a Uruguay en una lista de pa\u00edses cuya observaci\u00f3n de las\nnormas internacionales del trabajo fueron cuestionadas por cualquiera de las\ntres partes que conforman el organismo (sindicatos, gremios empresariales y\ngobiernos), record\u00f3 el sitio Sputnik Mundo.<\/p>\n\n\n\n<p>Esa resoluci\u00f3n sigui\u00f3 a una presentaci\u00f3n que hicieron las\nc\u00e1maras empresariales, que acusaron en su momento al gobierno de violar varios\nconvenios internacionales de trabajo vinculados a la negociaci\u00f3n colectiva y\nlibertad sindical.<\/p>\n\n\n\n<p>La comisi\u00f3n de la OIT inst\u00f3 ahora al Gobierno del presidente\nTabar\u00e9 V\u00e1zquez a modificar la ley de negociaci\u00f3n colectiva en acuerdo con\nsindicatos y empresarios, en una resoluci\u00f3n que no es de car\u00e1cter obligatorio\npero que es seguida con atenci\u00f3n por los inversionistas.<\/p>\n\n\n\n<p>La huelga tambi\u00e9n apunta a forzar a las autoridades a\nesforzarse en la creaci\u00f3n de empleos, en momentos en que los sindicatos\naseguran que en los \u00faltimos cuatro a\u00f1os se han perdido 50.000 trabajos, casi la\nmitad de ellos en el rubro de la construcci\u00f3n.<\/p>\n\n\n\n<p>La huelga se llevar\u00e1 a cabo cinco d\u00edas antes de las\nelecciones internas de los partidos pol\u00edticos para la designaci\u00f3n de los\ncandidatos presidenciales que competir\u00e1n el pr\u00f3ximo 27 de octubre.<\/p>\n","protected":false},"excerpt":{"rendered":"<p>La central obrera uruguaya, el PIT-CNT, llam\u00f3 a una huelga general para hoy, despu\u00e9s de que la Organizaci\u00f3n Internacional del Trabajo (OIT) recibiera una demanda patronal para que se revise la ley de negociaci\u00f3n colectiva La huelga afectar\u00e1 a la banca, la ense\u00f1anza, la construcci\u00f3n, el transporte y los servicios p\u00fablicos, dijeron voceros sindicales. &#8220;El derecho al trabajo se defiende luchando. Este 25 de junio paro general de 24 horas en defensa del empleo, de buenas condiciones de trabajo, de la negociaci\u00f3n colectiva y contra la denuncia de las c\u00e1maras&#8230;<\/p>\n","protected":false},"author":3,"featured_media":46993,"comment_status":"closed","ping_status":"closed","sticky":false,"template":"","format":"standard","meta":[],"categories":[4],"tags":[],"_links":{"self":[{"href":"https:\/\/www.actualidadadiario.com\/index.php\/wp-json\/wp\/v2\/posts\/46992"}],"collection":[{"href":"https:\/\/www.actualidadadiario.com\/index.php\/wp-json\/wp\/v2\/posts"}],"about":[{"href":"https:\/\/www.actualidadadiario.com\/index.php\/wp-json\/wp\/v2\/types\/post"}],"author":[{"embeddable":true,"href":"https:\/\/www.actualidadadiario.com\/index.php\/wp-json\/wp\/v2\/users\/3"}],"replies":[{"embeddable":true,"href":"https:\/\/www.actualidadadiario.com\/index.php\/wp-json\/wp\/v2\/comments?post=46992"}],"version-history":[{"count":1,"href":"https:\/\/www.actualidadadiario.com\/index.php\/wp-json\/wp\/v2\/posts\/46992\/revisions"}],"predecessor-version":[{"id":46994,"href":"https:\/\/www.actualidadadiario.com\/index.php\/wp-json\/wp\/v2\/posts\/46992\/revisions\/46994"}],"wp:featuredmedia":[{"embeddable":true,"href":"https:\/\/www.actualidadadiario.com\/index.php\/wp-json\/wp\/v2\/media\/46993"}],"wp:attachment":[{"href":"https:\/\/www.actualidadadiario.com\/index.php\/wp-json\/wp\/v2\/media?parent=46992"}],"wp:term":[{"taxonomy":"category","embeddable":true,"href":"https:\/\/www.actualidadadiario.com\/index.php\/wp-json\/wp\/v2\/categories?post=46992"},{"taxonomy":"post_tag","embeddable":true,"href":"https:\/\/www.actualidadadiario.com\/index.php\/wp-json\/wp\/v2\/tags?post=46992"}],"curies":[{"name":"wp","href":"https:\/\/api.w.org\/{rel}","templated":true}]}}