{"id":46987,"date":"2019-06-25T10:43:16","date_gmt":"2019-06-25T13:43:16","guid":{"rendered":"https:\/\/www.actualidadadiario.com\/?p=46987"},"modified":"2019-06-25T10:43:16","modified_gmt":"2019-06-25T13:43:16","slug":"aplazan-sin-fecha-el-tratamiento-del-pedido-de-libertad-de-lula","status":"publish","type":"post","link":"https:\/\/www.actualidadadiario.com\/index.php\/2019\/06\/25\/aplazan-sin-fecha-el-tratamiento-del-pedido-de-libertad-de-lula\/","title":{"rendered":"Aplazan sin fecha el tratamiento del pedido de libertad de Lula"},"content":{"rendered":"\n<p><strong><em>El Tribunal Supremo Federal de Brasil retir\u00f3 de su agenda de hoy la evaluaci\u00f3n de una petici\u00f3n de la defensa del ex presidente Luis In\u00e1cio Lula da Silva para ponerlo en libertad<\/em><\/strong><\/p>\n\n\n\n<p><\/p>\n\n\n\n<p><\/p>\n\n\n\n<p>&#8220;De orden, certificamos que el proceso fue retirado del calendario de juicios del d\u00eda 25\/6\/2019&#8221;, dijo la corte en el sistema electr\u00f3nico que informa del estado del proceso, seg\u00fan recoge la Ag\u00eancia Brasil.<br>\nLa petici\u00f3n de los abogados de Lula exig\u00eda la anulaci\u00f3n de su condena argumentando que el juez que le conden\u00f3 en primera instancia, S\u00e9rgio Moro, nunca actu\u00f3 de forma imparcial.<br>\nEl recurso se present\u00f3 en noviembre, poco despu\u00e9s de que se anunciara la entrada de Moro en el Gobierno de Jair Bolsonaro como ministro de Justicia, y se reforz\u00f3 recientemente a ra\u00edz de las revelaciones del medio digital The Intercept sobre la Operaci\u00f3n Lava Jato que sugieren que el juez cooper\u00f3 con la Fiscal\u00eda en el proceso contra Lula.<br>\nAnte los rumores de que los jueces del Supremo iban a aplazar sine die la evaluaci\u00f3n del recurso en favor de Lula sus abogados pidieron que se observaran las disposiciones legales para dar prioridad a esa petici\u00f3n, algo que no sucedi\u00f3.<br>\nEl propio Lula tambi\u00e9n se manifest\u00f3 ayer, a trav\u00e9s de una carta dirigida a su ex ministro de Relaciones Exteriores, Celso Amorim.<br>\nEn la misiva, criticaba que personas muy &#8220;poderosas&#8221;, tanto de Brasil como del extranjero, ten\u00edan inter\u00e9s en que el Supremo no deliberara sobre su puesta en libertad. Y afirm\u00f3 que &#8220;s\u00f3lo hay que analizar el proceso con imparcialidad para darse cuenta de que Moro estaba decidido a condenarme incluso antes de recibir la denuncia de la fiscal\u00eda. Orden\u00f3 invadir mi casa y llevarme a la fuerza a declarar sin haberme citado. Mand\u00f3 intervenir mis tel\u00e9fonos, los de mi mujer, los de mis hijos y hasta los de mis abogados, algo muy grave en una democracia&#8221;.<br>\nLula est\u00e1 preso desde abril de 2018 en Curitiba, cumpliendo una condena de ocho a\u00f1os y diez meses de c\u00e1rcel por presuntos delitos de corrupci\u00f3n pasiva y blanqueo de dinero.<br>\nEl ex mandatario fue acusado de recibir de manos de la empresa OAS (una de las contratistas de Petrobras) un apartamento en Guaruj\u00e1 (costa de Sao Paulo, sureste), que seg\u00fan la Justicia ser\u00eda una recompensa por los favores prestados dentro de la trama de corrupci\u00f3n de la petrolera estatal; Lula siempre neg\u00f3 que el inmueble fuera suyo.<\/p>\n","protected":false},"excerpt":{"rendered":"<p>El Tribunal Supremo Federal de Brasil retir\u00f3 de su agenda de hoy la evaluaci\u00f3n de una petici\u00f3n de la defensa del ex presidente Luis In\u00e1cio Lula da Silva para ponerlo en libertad &#8220;De orden, certificamos que el proceso fue retirado del calendario de juicios del d\u00eda 25\/6\/2019&#8221;, dijo la corte en el sistema electr\u00f3nico que informa del estado del proceso, seg\u00fan recoge la Ag\u00eancia Brasil. La petici\u00f3n de los abogados de Lula exig\u00eda la anulaci\u00f3n de su condena argumentando que el juez que le conden\u00f3 en primera instancia, S\u00e9rgio Moro,&#8230;<\/p>\n","protected":false},"author":3,"featured_media":45437,"comment_status":"closed","ping_status":"closed","sticky":false,"template":"","format":"standard","meta":[],"categories":[4],"tags":[],"_links":{"self":[{"href":"https:\/\/www.actualidadadiario.com\/index.php\/wp-json\/wp\/v2\/posts\/46987"}],"collection":[{"href":"https:\/\/www.actualidadadiario.com\/index.php\/wp-json\/wp\/v2\/posts"}],"about":[{"href":"https:\/\/www.actualidadadiario.com\/index.php\/wp-json\/wp\/v2\/types\/post"}],"author":[{"embeddable":true,"href":"https:\/\/www.actualidadadiario.com\/index.php\/wp-json\/wp\/v2\/users\/3"}],"replies":[{"embeddable":true,"href":"https:\/\/www.actualidadadiario.com\/index.php\/wp-json\/wp\/v2\/comments?post=46987"}],"version-history":[{"count":1,"href":"https:\/\/www.actualidadadiario.com\/index.php\/wp-json\/wp\/v2\/posts\/46987\/revisions"}],"predecessor-version":[{"id":46988,"href":"https:\/\/www.actualidadadiario.com\/index.php\/wp-json\/wp\/v2\/posts\/46987\/revisions\/46988"}],"wp:featuredmedia":[{"embeddable":true,"href":"https:\/\/www.actualidadadiario.com\/index.php\/wp-json\/wp\/v2\/media\/45437"}],"wp:attachment":[{"href":"https:\/\/www.actualidadadiario.com\/index.php\/wp-json\/wp\/v2\/media?parent=46987"}],"wp:term":[{"taxonomy":"category","embeddable":true,"href":"https:\/\/www.actualidadadiario.com\/index.php\/wp-json\/wp\/v2\/categories?post=46987"},{"taxonomy":"post_tag","embeddable":true,"href":"https:\/\/www.actualidadadiario.com\/index.php\/wp-json\/wp\/v2\/tags?post=46987"}],"curies":[{"name":"wp","href":"https:\/\/api.w.org\/{rel}","templated":true}]}}