{"id":46982,"date":"2019-06-25T10:41:55","date_gmt":"2019-06-25T13:41:55","guid":{"rendered":"https:\/\/www.actualidadadiario.com\/?p=46982"},"modified":"2019-06-25T10:41:55","modified_gmt":"2019-06-25T13:41:55","slug":"por-que-la-onu-anticipa-un-apartheid-climatico-en-los-proximos-anos","status":"publish","type":"post","link":"https:\/\/www.actualidadadiario.com\/index.php\/2019\/06\/25\/por-que-la-onu-anticipa-un-apartheid-climatico-en-los-proximos-anos\/","title":{"rendered":"Por qu\u00e9 la ONU anticipa un &#8220;apartheid clim\u00e1tico&#8221; en los pr\u00f3ximos a\u00f1os"},"content":{"rendered":"\n<p><strong><em>Las consecuencias del calentamiento global afectar\u00edan a los derechos humanos, seg\u00fan un experto del organismo<\/em><\/strong><\/p>\n\n\n\n<p><\/p>\n\n\n\n<p><\/p>\n\n\n\n<p>Los efectos del cambio clim\u00e1tico dejaron de ser te\u00f3ricos y\nen los \u00faltimos a\u00f1os se sienten en nuestro planeta cada vez con mayor fuerza. El\ncalentamiento global elev\u00f3 los fen\u00f3menos extremos como inundaciones, sequ\u00edas y\nolas de calor y de fr\u00edo o se aceler\u00f3 la p\u00e9rdida de hielo en los polos. Sin\nembargo, hay otro que a\u00fan preocupar\u00eda m\u00e1s a la Organizaci\u00f3n de las Naciones\nUnidas (ONU): un posible apartheid. <\/p>\n\n\n\n<p>Seg\u00fan el experto en pobreza extrema y derechos humanos de la\nONU, Philip Alston, se avecina un &#8220;apartheid clim\u00e1tico&#8221;, en el cual\nlas personas con mayor poder adquisitivo usar\u00e1n su riqueza para evadir las\ncondiciones adversas causadas \u200b\u200bpor la escalada de la crisis clim\u00e1tica mientras\nel resto del mundo sufrir\u00e1 las consecuencias. <\/p>\n\n\n\n<p>&#8220;Los derechos humanos podr\u00edan no sobrevivir a la\nagitaci\u00f3n que se aproxima&#8221;, fue la conclusi\u00f3n del especialista en su\ninforme que presentar\u00e1 al Consejo de Derechos Humanos de la ONU (HRC) el\npr\u00f3ximo viernes en Ginebra. En su trabajo, sostiene que el cambio clim\u00e1tico\nafectar\u00e1 no solamente a los derechos b\u00e1sicos a la vida, como el agua, los\nalimentos y la vivienda de cientos de millones de personas, sino tambi\u00e9n la\ndemocracia y los gobiernos.<\/p>\n\n\n\n<p>Es decir, que el mayor impacto de la crisis clim\u00e1tica ser\u00eda\nen aquellos que viven en la pobreza. En ese marco, el experto cuestion\u00f3 los\npasos &#8220;evidentemente inadecuados&#8221; tomados por la propia ONU, los\npa\u00edses del mundo, las ONG y las empresas por no hacer de la crisis clim\u00e1tica un\ntema central. En su an\u00e1lisis dedic\u00f3 una fuerte cr\u00edtica al presidente de los\nEstados Unidos, Donald Trump, por &#8220;silenciar activamente&#8221; las\ninvestigaciones clim\u00e1ticas y tambi\u00e9n al jefe de Estado de Brasil, Jair\nBolsonaro, por su promesa de abrir la selva amaz\u00f3nica a la miner\u00eda. <\/p>\n\n\n\n<p>&#8220;El cambio clim\u00e1tico amenaza con deshacer los \u00faltimos\n50 a\u00f1os de progreso en desarrollo, salud global y reducci\u00f3n de la\npobreza&#8221;, alert\u00f3 Alston. El especialista remarc\u00f3 que los pa\u00edses en\ndesarrollo pagar\u00e1n aproximadamente el 75 por ciento de los costos de la crisis\nclim\u00e1tica a pesar de que la mitad m\u00e1s pobre de la poblaci\u00f3n mundial es\nresponsable solo del 10% de las emisiones de di\u00f3xido de carbono.<\/p>\n\n\n\n<p>&#8220;La democracia y el estado de derecho, as\u00ed como una\namplia gama de derechos civiles y pol\u00edticos est\u00e1n en riesgo&#8221;, puntualiz\u00f3\nen el informe. \u201cEl riesgo de descontento de la comunidad, de una creciente\ndesigualdad y de niveles de privaci\u00f3n a\u00fan mayores entre algunos grupos,\nprobablemente estimular\u00e1 las respuestas nacionalistas, xen\u00f3fobas, racistas y\notras. Mantener un enfoque equilibrado de los derechos civiles y pol\u00edticos ser\u00e1\nextremadamente complejo &#8220;, agreg\u00f3. <\/p>\n\n\n\n<p>\u201cLos impactos de la crisis clim\u00e1tica podr\u00edan aumentar las\ndivisiones. Nos arriesgamos a un escenario de \u2018apartheid clim\u00e1tico\u2019 donde los\nricos pagan para escapar del sobrecalentamiento, el hambre y los conflictos,\nmientras que el resto del mundo tiene que sufrir&#8221;, concluy\u00f3.<\/p>\n","protected":false},"excerpt":{"rendered":"<p>Las consecuencias del calentamiento global afectar\u00edan a los derechos humanos, seg\u00fan un experto del organismo Los efectos del cambio clim\u00e1tico dejaron de ser te\u00f3ricos y en los \u00faltimos a\u00f1os se sienten en nuestro planeta cada vez con mayor fuerza. El calentamiento global elev\u00f3 los fen\u00f3menos extremos como inundaciones, sequ\u00edas y olas de calor y de fr\u00edo o se aceler\u00f3 la p\u00e9rdida de hielo en los polos. Sin embargo, hay otro que a\u00fan preocupar\u00eda m\u00e1s a la Organizaci\u00f3n de las Naciones Unidas (ONU): un posible apartheid. Seg\u00fan el experto en pobreza&#8230;<\/p>\n","protected":false},"author":3,"featured_media":46983,"comment_status":"closed","ping_status":"closed","sticky":false,"template":"","format":"standard","meta":[],"categories":[4],"tags":[],"_links":{"self":[{"href":"https:\/\/www.actualidadadiario.com\/index.php\/wp-json\/wp\/v2\/posts\/46982"}],"collection":[{"href":"https:\/\/www.actualidadadiario.com\/index.php\/wp-json\/wp\/v2\/posts"}],"about":[{"href":"https:\/\/www.actualidadadiario.com\/index.php\/wp-json\/wp\/v2\/types\/post"}],"author":[{"embeddable":true,"href":"https:\/\/www.actualidadadiario.com\/index.php\/wp-json\/wp\/v2\/users\/3"}],"replies":[{"embeddable":true,"href":"https:\/\/www.actualidadadiario.com\/index.php\/wp-json\/wp\/v2\/comments?post=46982"}],"version-history":[{"count":1,"href":"https:\/\/www.actualidadadiario.com\/index.php\/wp-json\/wp\/v2\/posts\/46982\/revisions"}],"predecessor-version":[{"id":46984,"href":"https:\/\/www.actualidadadiario.com\/index.php\/wp-json\/wp\/v2\/posts\/46982\/revisions\/46984"}],"wp:featuredmedia":[{"embeddable":true,"href":"https:\/\/www.actualidadadiario.com\/index.php\/wp-json\/wp\/v2\/media\/46983"}],"wp:attachment":[{"href":"https:\/\/www.actualidadadiario.com\/index.php\/wp-json\/wp\/v2\/media?parent=46982"}],"wp:term":[{"taxonomy":"category","embeddable":true,"href":"https:\/\/www.actualidadadiario.com\/index.php\/wp-json\/wp\/v2\/categories?post=46982"},{"taxonomy":"post_tag","embeddable":true,"href":"https:\/\/www.actualidadadiario.com\/index.php\/wp-json\/wp\/v2\/tags?post=46982"}],"curies":[{"name":"wp","href":"https:\/\/api.w.org\/{rel}","templated":true}]}}