{"id":46973,"date":"2019-06-25T10:38:59","date_gmt":"2019-06-25T13:38:59","guid":{"rendered":"https:\/\/www.actualidadadiario.com\/?p=46973"},"modified":"2019-06-25T10:38:59","modified_gmt":"2019-06-25T13:38:59","slug":"de-este-gobierno-hay-que-esperar-de-todo-no-hay-que-descartar-fraudes","status":"publish","type":"post","link":"https:\/\/www.actualidadadiario.com\/index.php\/2019\/06\/25\/de-este-gobierno-hay-que-esperar-de-todo-no-hay-que-descartar-fraudes\/","title":{"rendered":"\u201cDe este Gobierno hay que esperar de todo, no hay que descartar fraudes\u201d"},"content":{"rendered":"\n<p><strong><em>Tras el agitado y discutido cierre de listas del pasado fin de semana, donde quedaron anotados los candidatos que competir\u00e1n en las Primarias Abiertas Simult\u00e1neas y Obligatorias (PASO) del 11 de agosto, el candidato a diputado del Frente de Todos, Fernando \u201cPino\u201d Solanas, puso en duda la transparencia de los pr\u00f3ximos comicios: \u201cNo hay que descartar fraudes\u201d<\/em><\/strong><\/p>\n\n\n\n<p><\/p>\n\n\n\n<p><\/p>\n\n\n\n<p>Tras largos meses de negociaciones, este mes se inscribi\u00f3 el\nFrente de Todos, que componen el Partido Justicialista, Frente Renovador y\nUnidad Ciudadana, entre otras fuerzas, como Proyecto Sur, el espacio de\nSolanas, que encabezar\u00e1 la lista de diputados en CABA. Sobre lo que espera en\nlas elecciones que se avecinan, lanz\u00f3: \u201cDe este Gobierno hay que esperar de\ntodo, no hay que descartar fraudes\u201d.<\/p>\n\n\n\n<p>\u201cFue un triunfo aquello que parec\u00eda una utop\u00eda, la unidad\ndel peronismo, se conform\u00f3 una gran fuerza. En Capital Federal encabeza Mat\u00edas\nLammens, est\u00e1 Mariano Recalde como senador. Est\u00e1 Victoria Donda, Ita\u00ed Hagman.\nNosotros tenemos que hacer nacer un gobierno con mucha fuerza pol\u00edtica\u201d, destac\u00f3\nel actual senador nacional.<\/p>\n\n\n\n<p>Por otro lado, el hist\u00f3rico dirigente se refiri\u00f3 a la\npreocupante situaci\u00f3n energ\u00e9tica del pa\u00eds, evidenciada por el apag\u00f3n del 16 de\njunio y por los cortes que actualmente sufre la ciudad de La Plata: \u201cLo que se\nnota es que la misma pol\u00edtica de impunidad y maltrato, y de estafa a los\nusuarios. La impunidad se manifiesta en que cuando uno quiere acudir a ellos,\nson sordos\u201d.<\/p>\n\n\n\n<p>\u201cNo nos podemos olvidar que en Edenor el principal accionista\nes Joe Lewis, el que se qued\u00f3 con Lago escondido, estafando al Estado. Esa fue\nla causa por la cual el Procurador Carlos Balbin, despu\u00e9s de no tener\nrespuestas de Rogelio Frigerio, present\u00f3 su renuncia\u201d, record\u00f3 el precandidato\na diputado por la Ciudad de Buenos Aires.<\/p>\n\n\n\n<p>Adem\u00e1s, atento a sus actuales tareas en la C\u00e1mara alta del\nCongreso de la Naci\u00f3n, \u201cPino\u201d Solanas cont\u00f3: \u201cHemos presentado la semana pasada\nuna proyecto de interpelaci\u00f3n a Gustavo Lopetegui, debe dar explicaciones. Hay\nun sentimiento de desamparo, que las medidas que se toman no dan resultados\u201d.<\/p>\n\n\n\n<p>Por \u00faltimo, el referente m\u00e1ximo de Proyecto Sur analiz\u00f3 otro\nde los pol\u00e9micos y discutidos proyectos que buscan impulsar desde Cambiemos:\n\u201cSi hablamos de la reforma laboral, hay que ver lo que pas\u00f3 en Brasil. Fue un\nfracaso tremendo. En Argentina, a pesar de todo lo que decimos, hay una\ncapacidad de movilizaci\u00f3n muy grande\u201d<\/p>\n","protected":false},"excerpt":{"rendered":"<p>Tras el agitado y discutido cierre de listas del pasado fin de semana, donde quedaron anotados los candidatos que competir\u00e1n en las Primarias Abiertas Simult\u00e1neas y Obligatorias (PASO) del 11 de agosto, el candidato a diputado del Frente de Todos, Fernando \u201cPino\u201d Solanas, puso en duda la transparencia de los pr\u00f3ximos comicios: \u201cNo hay que descartar fraudes\u201d Tras largos meses de negociaciones, este mes se inscribi\u00f3 el Frente de Todos, que componen el Partido Justicialista, Frente Renovador y Unidad Ciudadana, entre otras fuerzas, como Proyecto Sur, el espacio de Solanas,&#8230;<\/p>\n","protected":false},"author":3,"featured_media":46974,"comment_status":"closed","ping_status":"closed","sticky":false,"template":"","format":"standard","meta":[],"categories":[18],"tags":[],"_links":{"self":[{"href":"https:\/\/www.actualidadadiario.com\/index.php\/wp-json\/wp\/v2\/posts\/46973"}],"collection":[{"href":"https:\/\/www.actualidadadiario.com\/index.php\/wp-json\/wp\/v2\/posts"}],"about":[{"href":"https:\/\/www.actualidadadiario.com\/index.php\/wp-json\/wp\/v2\/types\/post"}],"author":[{"embeddable":true,"href":"https:\/\/www.actualidadadiario.com\/index.php\/wp-json\/wp\/v2\/users\/3"}],"replies":[{"embeddable":true,"href":"https:\/\/www.actualidadadiario.com\/index.php\/wp-json\/wp\/v2\/comments?post=46973"}],"version-history":[{"count":1,"href":"https:\/\/www.actualidadadiario.com\/index.php\/wp-json\/wp\/v2\/posts\/46973\/revisions"}],"predecessor-version":[{"id":46975,"href":"https:\/\/www.actualidadadiario.com\/index.php\/wp-json\/wp\/v2\/posts\/46973\/revisions\/46975"}],"wp:featuredmedia":[{"embeddable":true,"href":"https:\/\/www.actualidadadiario.com\/index.php\/wp-json\/wp\/v2\/media\/46974"}],"wp:attachment":[{"href":"https:\/\/www.actualidadadiario.com\/index.php\/wp-json\/wp\/v2\/media?parent=46973"}],"wp:term":[{"taxonomy":"category","embeddable":true,"href":"https:\/\/www.actualidadadiario.com\/index.php\/wp-json\/wp\/v2\/categories?post=46973"},{"taxonomy":"post_tag","embeddable":true,"href":"https:\/\/www.actualidadadiario.com\/index.php\/wp-json\/wp\/v2\/tags?post=46973"}],"curies":[{"name":"wp","href":"https:\/\/api.w.org\/{rel}","templated":true}]}}