{"id":46970,"date":"2019-06-25T10:38:19","date_gmt":"2019-06-25T13:38:19","guid":{"rendered":"https:\/\/www.actualidadadiario.com\/?p=46970"},"modified":"2019-06-25T10:38:19","modified_gmt":"2019-06-25T13:38:19","slug":"caso-dalessio-postergaron-la-indagatoria-de-daniel-santoro","status":"publish","type":"post","link":"https:\/\/www.actualidadadiario.com\/index.php\/2019\/06\/25\/caso-dalessio-postergaron-la-indagatoria-de-daniel-santoro\/","title":{"rendered":"Caso D\u2019Alessio: postergaron la indagatoria de Daniel Santoro"},"content":{"rendered":"\n<p><strong><em>El juez Alejo Ramos Padilla consider\u00f3 la solicitud del periodista Daniel Santoro, quien hab\u00eda pedido una prorroga en la indagatoria a la que hab\u00eda sido citado este martes, en el marco de la causa por presunto espionaje ilegal en la que est\u00e1 involucrado el falso abogado Marcelo D\u2019Alessio<\/em><\/strong><\/p>\n\n\n\n<p><\/p>\n\n\n\n<p><\/p>\n\n\n\n<p>Santoro fue citado a declarar luego de que fuera nombrado\npor el propio D\u2019Alessio en algunas escuchas, ya que distintas pruebas que el\nabogado apretaba a empresarios solicit\u00e1ndoles una coima a cambio de no figurar\nen las causas de los cuadernos o en notas que publicara el periodista.<\/p>\n\n\n\n<p>El pedido que hizo el profesional es por haber estado de\nviaje. Debido a eso, la fecha del encuentro fue reprogramada para el pr\u00f3ximo 17\nde julio.&nbsp; Antes de esta declaratoria,\nSantoro fue cosultado por los medios y admiti\u00f3 conocer al falso abogado desde\nfines de 2016, cuando los present\u00f3 un periodista de Clar\u00edn.<\/p>\n\n\n\n<p>\u201cPor un lado te habla de la amistad, de la familia, con una\nverborragia, con una rapidez, casi con incontinencia verbal. Y por otro lado,\nus\u00f3 mi nombre sin mi conocimiento ni mi autorizaci\u00f3n para extorsionar gente. Se\nnecesita una mentalidad realmente muy compleja, con dos caras, para poder haber\nhecho una cosa de ese tipo\u201d, hab\u00eda manifestado el periodista seg\u00fan explic\u00f3 TN.<\/p>\n\n\n\n<p>A la hora de solicitar la indagatoria, Ramos Padilla\nconsider\u00f3 que \u201cse ha corroborado no s\u00f3lo el v\u00ednculo de conocimiento y confianza\nque manten\u00eda con D\u2019Alessio, sino su participaci\u00f3n y su aporte en las\nactividades ilegales que llevaba adelante la organizaci\u00f3n delictiva\ninvestigada\u201d.<\/p>\n\n\n\n<p>Adem\u00e1s, la determinaci\u00f3n del juez de citar a Santoro fue\ncuestionada por la Asociaci\u00f3n de Entidades Period\u00edsticas Argentinas (ADEPA),\nquienes manifestaron que \u201cel solo hecho de involucrar penalmente a un\nperiodista en una causa criminal en la que un procesado actuaba como fuente, se\ntransforma en una amenaza que puede llevar a la autocensura del protagonista y\ndel resto de sus colegas\u201d.<\/p>\n\n\n\n<p>La denuncia contra D\u2019Alessio hab\u00eda sido radicada por el\nempresario agropecuario Pedro Etchebest, quien asegur\u00f3 que el falso abogado le\npidi\u00f3 300 mil d\u00f3lares presuntamente a nombre del fiscal Carlos Stornelli para\nno ser mencionado en la causa de los cuadernos.<\/p>\n","protected":false},"excerpt":{"rendered":"<p>El juez Alejo Ramos Padilla consider\u00f3 la solicitud del periodista Daniel Santoro, quien hab\u00eda pedido una prorroga en la indagatoria a la que hab\u00eda sido citado este martes, en el marco de la causa por presunto espionaje ilegal en la que est\u00e1 involucrado el falso abogado Marcelo D\u2019Alessio Santoro fue citado a declarar luego de que fuera nombrado por el propio D\u2019Alessio en algunas escuchas, ya que distintas pruebas que el abogado apretaba a empresarios solicit\u00e1ndoles una coima a cambio de no figurar en las causas de los cuadernos o&#8230;<\/p>\n","protected":false},"author":3,"featured_media":46971,"comment_status":"closed","ping_status":"closed","sticky":false,"template":"","format":"standard","meta":[],"categories":[18],"tags":[],"_links":{"self":[{"href":"https:\/\/www.actualidadadiario.com\/index.php\/wp-json\/wp\/v2\/posts\/46970"}],"collection":[{"href":"https:\/\/www.actualidadadiario.com\/index.php\/wp-json\/wp\/v2\/posts"}],"about":[{"href":"https:\/\/www.actualidadadiario.com\/index.php\/wp-json\/wp\/v2\/types\/post"}],"author":[{"embeddable":true,"href":"https:\/\/www.actualidadadiario.com\/index.php\/wp-json\/wp\/v2\/users\/3"}],"replies":[{"embeddable":true,"href":"https:\/\/www.actualidadadiario.com\/index.php\/wp-json\/wp\/v2\/comments?post=46970"}],"version-history":[{"count":1,"href":"https:\/\/www.actualidadadiario.com\/index.php\/wp-json\/wp\/v2\/posts\/46970\/revisions"}],"predecessor-version":[{"id":46972,"href":"https:\/\/www.actualidadadiario.com\/index.php\/wp-json\/wp\/v2\/posts\/46970\/revisions\/46972"}],"wp:featuredmedia":[{"embeddable":true,"href":"https:\/\/www.actualidadadiario.com\/index.php\/wp-json\/wp\/v2\/media\/46971"}],"wp:attachment":[{"href":"https:\/\/www.actualidadadiario.com\/index.php\/wp-json\/wp\/v2\/media?parent=46970"}],"wp:term":[{"taxonomy":"category","embeddable":true,"href":"https:\/\/www.actualidadadiario.com\/index.php\/wp-json\/wp\/v2\/categories?post=46970"},{"taxonomy":"post_tag","embeddable":true,"href":"https:\/\/www.actualidadadiario.com\/index.php\/wp-json\/wp\/v2\/tags?post=46970"}],"curies":[{"name":"wp","href":"https:\/\/api.w.org\/{rel}","templated":true}]}}