{"id":4697,"date":"2016-11-17T09:47:02","date_gmt":"2016-11-17T12:47:02","guid":{"rendered":"http:\/\/actualidadadiario.com\/site\/?p=4697"},"modified":"2016-11-17T09:47:02","modified_gmt":"2016-11-17T12:47:02","slug":"dan-media-sancion-al-proyecto-para-declarar-obligatoria-la-sala-de-tres-anos","status":"publish","type":"post","link":"https:\/\/www.actualidadadiario.com\/index.php\/2016\/11\/17\/dan-media-sancion-al-proyecto-para-declarar-obligatoria-la-sala-de-tres-anos\/","title":{"rendered":"Dan media sanci\u00f3n al proyecto para declarar obligatoria la sala de tres a\u00f1os"},"content":{"rendered":"<p><em><strong>La C\u00e1mara baja convalid\u00f3 por amplia mayor\u00eda el proyecto impulsado por el gobierno nacional que tiene como objetivo lograr la inclusi\u00f3n de unos 400.000 alumnos en el primer a\u00f1o del nivel inicial<\/strong><\/em><\/p>\n<p>&nbsp;<\/p>\n<p>&nbsp;<\/p>\n<p>&nbsp;<\/p>\n<p>&nbsp;<\/p>\n<p>&nbsp;<\/p>\n<p>La C\u00e1mara de Diputados gir\u00f3 al Senado el proyecto impulsado por el gobierno nacional para establecer como obligatoria la sala de tres a\u00f1os, con el objetivo de lograr la inclusi\u00f3n de unos 400.000 alumnos en el primer a\u00f1o del nivel inicial.<\/p>\n<p>&nbsp;<\/p>\n<p>La iniciativa fue sancionada por 206 votos con el respaldo del interbloque Cambiemos, del Frente Renovador, el kirchnerismo y otras bancadas menores, mientras el rechazo cosech\u00f3 cinco votos, de los cuales tres fueron aportados por Compromiso Federal, mientras que la izquierda se abstuvo.<\/p>\n<p>&nbsp;<\/p>\n<p>El proyecto logr\u00f3 un amplio consenso dado que el oficialismo acept\u00f3 incorporar una reforma para que el Estado garantice los recursos no solo para la construcci\u00f3n de los jardines sino para los gastos corrientes que demandar\u00e1 los salarios del personal.<\/p>\n<p>&nbsp;<\/p>\n<p>Este punto fue la principal cr\u00edtica expuesta en el debate por los bloques opositores que reclamaban que el financiamiento a las provincias desde el gobierno nacional.<\/p>\n<p>&nbsp;<\/p>\n<p>Otro de los debates que se plante\u00f3 es si el Estado debe obligar a los padres a escolarizar a sus hijos a los tres a\u00f1os, y as\u00ed lo plante\u00f3 la l\u00edder de la Coalici\u00f3n C\u00edvica, Elisa Carri\u00f3, quien dijo que &#8220;se debe garantizar el acceso&#8221; a la sala de 3 pero &#8220;no deber\u00eda ser obligatorio&#8221;.<\/p>\n<p>&nbsp;<\/p>\n<p>El proyecto establece &#8220;la obligatoriedad escolar en todo el pa\u00eds y se extiende desde la edad de tres (3) a\u00f1os hasta la finalizaci\u00f3n del nivel de la educaci\u00f3n secundaria&#8221;.<\/p>\n<p>&nbsp;<\/p>\n<p>Adem\u00e1s fija que el gobierno nacional, los gobiernos provinciales y el Gobierno de la Ciudad Aut\u00f3noma de Buenos Aires, tendr\u00e1n la responsabilidad de celebrar acuerdos con el fin de crear gradualmente &#8220;las condiciones para hacer efectivo el derecho de las ni\u00f1as y los ni\u00f1os a la educaci\u00f3n inicial a partir de los tres (3) a\u00f1os, atendiendo las desigualdades sociales y educativas&#8221;.<\/p>\n<p>&nbsp;<\/p>\n<p>Al abrir el debate, el presidente de la comisi\u00f3n de Educaci\u00f3n Jos\u00e9 Ricardo dijo que esta iniciativa &#8220;se basa en la recomendaci\u00f3n de Unicef, que es invertir en la infancia temprana ya que eso permite una mayor movilidad social de todos aquellos que est\u00e1n marginados, un mejor futuro para nuestra patria&#8221;.<\/p>\n<p>&nbsp;<\/p>\n<p>&#8220;Desde el punto de vista pedag\u00f3gico quiero decir que la educaci\u00f3n en una primera infancia es un derecho y es misi\u00f3n del Estado promover el desarrollo integral de los ni\u00f1os&#8221;, agreg\u00f3.<\/p>\n<p>&nbsp;<\/p>\n<p>El diputado record\u00f3 que &#8220;la ley de Educaci\u00f3n Nacional incorpor\u00f3 la educaci\u00f3n desde los 45 d\u00edas, y la \u00faltima ley que votamos hab\u00eda incorporado la obligatoriedad a los 4 a\u00f1os. Ahora damos un paso m\u00e1s con la incorporaci\u00f3n de la sala de tres&#8221;.<\/p>\n<p>&nbsp;<\/p>\n<p>&#8220;La extensi\u00f3n de la obligatoriedad hasta la edad de tres a\u00f1os tiende a reparar una injusticia social. Los ni\u00f1os y ni\u00f1as de tres a\u00f1os de la Capital en m\u00e1s del 80% est\u00e1 en salas de 3 pero en el interior profundo eso es imposible&#8221;.Desde el kirchnerismo, la diputada de la agrupaci\u00f3n &#8220;La C\u00e1mpora&#8221; Luana Volnovich dijo que el kirchnerismo &#8220;est\u00e1 de acuerdo con la sala de tres porque completa un proceso iniciado por el presidente N\u00e9stor Kirchner&#8221;.<\/p>\n<p>&nbsp;<\/p>\n<p>La legisladora cuestion\u00f3 la falta financiamiento para sostener la incorporaci\u00f3n de la sala tres, pero tras las reforma el Frente para la Victoria votar\u00e1 a favor del proyecto del gobierno.<\/p>\n","protected":false},"excerpt":{"rendered":"<p>La C\u00e1mara baja convalid\u00f3 por amplia mayor\u00eda el proyecto impulsado por el gobierno nacional que tiene como objetivo lograr la inclusi\u00f3n de unos 400.000 alumnos en el primer a\u00f1o del nivel inicial &nbsp; &nbsp; &nbsp; &nbsp; &nbsp; La C\u00e1mara de Diputados gir\u00f3 al Senado el proyecto impulsado por el gobierno nacional para establecer como obligatoria la sala de tres a\u00f1os, con el objetivo de lograr la inclusi\u00f3n de unos 400.000 alumnos en el primer a\u00f1o del nivel inicial. &nbsp; La iniciativa fue sancionada por 206 votos con el respaldo del&#8230;<\/p>\n","protected":false},"author":3,"featured_media":4698,"comment_status":"closed","ping_status":"closed","sticky":false,"template":"","format":"standard","meta":[],"categories":[2],"tags":[],"_links":{"self":[{"href":"https:\/\/www.actualidadadiario.com\/index.php\/wp-json\/wp\/v2\/posts\/4697"}],"collection":[{"href":"https:\/\/www.actualidadadiario.com\/index.php\/wp-json\/wp\/v2\/posts"}],"about":[{"href":"https:\/\/www.actualidadadiario.com\/index.php\/wp-json\/wp\/v2\/types\/post"}],"author":[{"embeddable":true,"href":"https:\/\/www.actualidadadiario.com\/index.php\/wp-json\/wp\/v2\/users\/3"}],"replies":[{"embeddable":true,"href":"https:\/\/www.actualidadadiario.com\/index.php\/wp-json\/wp\/v2\/comments?post=4697"}],"version-history":[{"count":1,"href":"https:\/\/www.actualidadadiario.com\/index.php\/wp-json\/wp\/v2\/posts\/4697\/revisions"}],"predecessor-version":[{"id":4699,"href":"https:\/\/www.actualidadadiario.com\/index.php\/wp-json\/wp\/v2\/posts\/4697\/revisions\/4699"}],"wp:featuredmedia":[{"embeddable":true,"href":"https:\/\/www.actualidadadiario.com\/index.php\/wp-json\/wp\/v2\/media\/4698"}],"wp:attachment":[{"href":"https:\/\/www.actualidadadiario.com\/index.php\/wp-json\/wp\/v2\/media?parent=4697"}],"wp:term":[{"taxonomy":"category","embeddable":true,"href":"https:\/\/www.actualidadadiario.com\/index.php\/wp-json\/wp\/v2\/categories?post=4697"},{"taxonomy":"post_tag","embeddable":true,"href":"https:\/\/www.actualidadadiario.com\/index.php\/wp-json\/wp\/v2\/tags?post=4697"}],"curies":[{"name":"wp","href":"https:\/\/api.w.org\/{rel}","templated":true}]}}