{"id":46967,"date":"2019-06-25T10:37:38","date_gmt":"2019-06-25T13:37:38","guid":{"rendered":"https:\/\/www.actualidadadiario.com\/?p=46967"},"modified":"2019-06-25T10:37:38","modified_gmt":"2019-06-25T13:37:38","slug":"senado-que-pesos-pesados-dejan-sus-bancas-y-quienes-pueden-reemplazarlos","status":"publish","type":"post","link":"https:\/\/www.actualidadadiario.com\/index.php\/2019\/06\/25\/senado-que-pesos-pesados-dejan-sus-bancas-y-quienes-pueden-reemplazarlos\/","title":{"rendered":"Senado: qu\u00e9 pesos pesados dejan sus bancas y qui\u00e9nes pueden reemplazarlos"},"content":{"rendered":"\n<p><strong><em>Varias figuras fuertes de la C\u00e1mara cumplir\u00e1n su mandato en diciembre. El rol de los gobernadores y la disputa en cada distrito<\/em><\/strong><\/p>\n\n\n\n<p><\/p>\n\n\n\n<p><\/p>\n\n\n\n<p>El cierre de listas del s\u00e1bado pasado dej\u00f3 varias confirmaciones.\nPero m\u00e1s all\u00e1 de los principales flashes que se llevan los ejecutivos, tanto a\nnivel nacional como provincial, el Senado tambi\u00e9n ofrece algunos nombres\ninteresantes que buscar\u00e1n ingresar o permanecer. <\/p>\n\n\n\n<p>Este a\u00f1o se renuevan los 24 senadores de los ocho distritos\nque eligieron en 2013. Se trata de la ciudad de Buenos Aires, R\u00edo Negro,\nNeuqu\u00e9n, Chaco, Entre R\u00edos, Santiago del Estero, Salta y Tierra del Fuego. <\/p>\n\n\n\n<p>Algunos de los principales nombres que no renovar\u00e1n su banca\nson Miguel Pichetto, despu\u00e9s de 18 a\u00f1os consecutivos, Federico Pinedo, Pino\nSolanas y \u00c1ngel Rozas. <\/p>\n\n\n\n<p>A partir de diciembre, adem\u00e1s, ser\u00e1 un Senado especial por\nla conducci\u00f3n que tendr\u00e1. Es que, por lo que se desprende de las candidaturas\nque hoy parten como favoritas, lo m\u00e1s probable es que la c\u00e1mara est\u00e9 conducida\npor Pichetto o por Cristina Kirchner. No solo dos figuras de perfil alto en las\nf\u00f3rmulas presidenciales, sino adem\u00e1s grandes conocedores del Congreso. Entre\nambos fueron legisladores nacionales durante 40 a\u00f1os. <\/p>\n\n\n\n<p>El oficialismo nacional renueva 5 de los 24 senadores y\naspira a ampliar su representaci\u00f3n. En la mayor\u00eda de los distritos encabeza un\nrepresentante de la UCR. <\/p>\n\n\n\n<p><strong>Repaso de la\nsituaci\u00f3n de cada distrito<\/strong><\/p>\n\n\n\n<p><strong>Ciudad de Buenos\nAires<\/strong> <\/p>\n\n\n\n<p>Dejar\u00e1n su cargo Federico Pinedo y Marta Varela, del PRO.\nFueron los suplentes hace seis a\u00f1os, pero Gabriela Michetti y Diego Santilli\ndejaron sus lugares, ya que en 2015 se presentaron como vices de Mauricio Macri\ny Horacio Rodr\u00edguez Larreta, respectivamente. <\/p>\n\n\n\n<p>Tambi\u00e9n se ir\u00e1 Pino Solanas, quien entr\u00f3 en 2013 por medio\nde UNEN y aliado a Elisa Carrio. Releg\u00f3 al tercer lugar a Daniel Filmus en ese\nentonces.<\/p>\n\n\n\n<p>En esta oportunidad, se presentar\u00e1n Mart\u00edn Lousteau y\nGuadalupe Tagliaferri por Juntos por el Cambio. De la vereda de enfrente, Mariano\nRecalde y Dora Barrancos ser\u00e1n los candidatos del Frente de Todos. Por el\nespacio de Roberto Lavagna habr\u00e1 internas entre Ramiro Marra y Julio B\u00e1rbaro. <\/p>\n\n\n\n<p><strong>Entre R\u00edos <\/strong><\/p>\n\n\n\n<p>Los dos representantes peronistas dejar\u00e1n su cargo. Se trata\nde Pedro Guastavino y Sigrid Kunath. Quienes se presentar\u00e1n son Edgardo\nKueider, quien responde al gobernador Gustavo Bordet, y Estefan\u00eda Cora, de La\nC\u00e1mpora. <\/p>\n\n\n\n<p>Juntos por el Cambio, por su parte, buscar\u00e1 que Alfredo De\nAngeli renueve su banca. Ir\u00e1 acompa\u00f1ado por la radical Stella Olalla. <\/p>\n\n\n\n<p><strong>R\u00edo Negro <\/strong><\/p>\n\n\n\n<p>Desde 2001 que en esta provincia se elige a Miguel Pichetto\npara el Senado, pero esto ya no suceder\u00e1. Adem\u00e1s de \u00e9l, dejar\u00e1 su banca\nMagdalena Odarda, de origen en el ARI que fue candidata a vicegobernadora este\na\u00f1o en la f\u00f3rmula con Mart\u00edn Soria. <\/p>\n\n\n\n<p>La otra que renueva es Silvina Gonz\u00e1lez Landaburu, quien\nentr\u00f3 junto a Pichetto. Buscar\u00e1 renovar junto a Mart\u00edn Do\u00f1ate, quien encabeza\nla lista del Frente de Todos. <\/p>\n\n\n\n<p>Por otro lado, se presentar\u00e1 Alberto Weretilneck, el actual\ngobernador. Ir\u00e1 acompa\u00f1ado por M\u00f3nica Silva. Juntos Somos R\u00edo Negro, el partido\nprovincial, ir\u00e1 con boleta corta. Es decir, sin candidato a presidente, lo que\nse ley\u00f3 como una se\u00f1al de buena voluntad hacia Cambiemos, que igualmente\npresentar\u00e1 sus candidatos al Senado: Marcelo Casc\u00f3n y Mar\u00eda Jos\u00e9 Manonelles.<\/p>\n\n\n\n<p><strong>Neuqu\u00e9n <\/strong><\/p>\n\n\n\n<p>Quien tambi\u00e9n ir\u00e1 con lista corta es el MPN, como ha hecho\nhist\u00f3ricamente. Guillermo Pereyra buscar\u00e1 renovar su banca e ir\u00e1 acompa\u00f1ado por\nMarisa Focarazzo. <\/p>\n\n\n\n<p>La senadora Lucila Crexell hab\u00eda entrado por ese partido,\npero qued\u00f3 relegada y acompa\u00f1\u00f3 a Miguel Pichetto en su pase hacia Cambiemos. De\nesta forma, ser\u00e1 la segunda candidata del espacio, detr\u00e1s del radical Horacio\nQuiroga. <\/p>\n\n\n\n<p>Por el FPV se le termina el mandato a Marcelo Fuentes. En su\nlugar se postula Oscar Parrilli, ex titular de la AFI y muy cercano a Cristina\nKirchner. Ir\u00e1 acompa\u00f1ado por Silvia Sapag.<\/p>\n\n\n\n<p><strong>Santiago del Estero <\/strong><\/p>\n\n\n\n<p>La candidata a senadora por el oficialismo local ser\u00e1\nClaudia Ledesma, ex gobernadora y mujer del actual mandatario Gerardo Zamora.\nIr\u00e1 acompa\u00f1ada por el vicegobernador Jos\u00e9 Neder. Dejar\u00e1 su cargo Blanca Porcel.\n<\/p>\n\n\n\n<p>El senador del Frente Popular Gerardo Montenegro se\npresentar\u00e1 por el Frente de Todos para ser reelecto. Ir\u00e1 acompa\u00f1ado por Ada\nIt\u00farrez, quien tambi\u00e9n es senadora pero entr\u00f3 por el Frente C\u00edvico por\nSantiago, el partido de Zamora. <\/p>\n\n\n\n<p><strong>Chaco <\/strong><\/p>\n\n\n\n<p>En esta provincia se vive una de las situaciones m\u00e1s\nextra\u00f1as. Se postulan en internas el gobernador Domingo Peppo y su antecesor\nJorge Capitanich, actual intendente de Resistencia. Sin embargo, ambos reconocen\nque su principal objetivo no es el Senado, sino la gobernaci\u00f3n. Las elecciones\nprovinciales ser\u00e1n el 29 de septiembre. <\/p>\n\n\n\n<p>Peppo es acompa\u00f1ado por Elda P\u00e9rtile y Capitanich por Mar\u00eda\nIn\u00e9s Pilatti, actual senadora. Quien dejar\u00e1 su banca es Eduardo Aguilar.<\/p>\n\n\n\n<p>El otro que no seguir\u00e1 es un peso pesado de la c\u00e1mara, el\nradical \u00c1ngel Rozas. El ex gobernador hab\u00eda avisado que se correr\u00eda del primer\nplano y que no competir\u00eda. Igualmente, pudo imponer a su sucesor. Se trata de\nsu correligionario V\u00edctor Zimmermann, quien ir\u00e1 acompa\u00f1ado por Alicia Terada,\ncercana a la chaque\u00f1a Elisa Carri\u00f3, seg\u00fan consigna NA. <\/p>\n\n\n\n<p><strong>Salta <\/strong><\/p>\n\n\n\n<p>Se trata de un distrito importante para Consenso Federal, ya\nque el gobernador Juan Manuel Urtubey es el candidato a vicepresidente. Su\nprimo Rodolfo dejar\u00e1 su banca en el Senado, al igual que Cristina Fiore. Se\npostular\u00e1n Marcelo Lara Bros y Silvina Abil\u00e9s. <\/p>\n\n\n\n<p>El senador peronista y ex gobernador Juan Carlos Romero ir\u00e1\npor su tercer mandato consecutivo en la c\u00e1mara. Representa a Juntos por el\nCambio. <\/p>\n\n\n\n<p>El Frente de Todos, por su parte, tendr\u00e1 tres precandidatos\nen la interna: Sergio Leavy, Elia Fern\u00e1ndez y Walter Wayar. <\/p>\n\n\n\n<p><strong>Tierra del Fuego <\/strong><\/p>\n\n\n\n<p>Los tres senadores actuales dejar\u00e1n su cargo. Se trata de\nJos\u00e9 Ojeda, Julio Catal\u00e1n Magni (ambos justicialistas) y Miriam Bojadjian (del\nMovimiento Popular Fueguino). <\/p>\n\n\n\n<p>El Frente de Todos presentar\u00e1 a Mat\u00edas Rodr\u00edguez y Eugenia\nDur\u00e9 como candidatos. En esa lista, adem\u00e1s, ir\u00e1 la actual gobernadora Rosana\nBertone como candidata a diputada, luego de no poder lograr la reelecci\u00f3n el\npasado 16 de junio. <\/p>\n\n\n\n<p>Por Juntos por el Cambio habr\u00e1 internas entre Pablo Blanco,\nH\u00e9ctor Stefani y Javier Da Fonseca. Adem\u00e1s, la ex gobernadora Fabiana R\u00edos se\npresentar\u00e1 como candidata por el Partido Social Patag\u00f3nico.<\/p>\n","protected":false},"excerpt":{"rendered":"<p>Varias figuras fuertes de la C\u00e1mara cumplir\u00e1n su mandato en diciembre. El rol de los gobernadores y la disputa en cada distrito El cierre de listas del s\u00e1bado pasado dej\u00f3 varias confirmaciones. Pero m\u00e1s all\u00e1 de los principales flashes que se llevan los ejecutivos, tanto a nivel nacional como provincial, el Senado tambi\u00e9n ofrece algunos nombres interesantes que buscar\u00e1n ingresar o permanecer. Este a\u00f1o se renuevan los 24 senadores de los ocho distritos que eligieron en 2013. Se trata de la ciudad de Buenos Aires, R\u00edo Negro, Neuqu\u00e9n, Chaco, Entre&#8230;<\/p>\n","protected":false},"author":3,"featured_media":46968,"comment_status":"closed","ping_status":"closed","sticky":false,"template":"","format":"standard","meta":[],"categories":[9],"tags":[],"_links":{"self":[{"href":"https:\/\/www.actualidadadiario.com\/index.php\/wp-json\/wp\/v2\/posts\/46967"}],"collection":[{"href":"https:\/\/www.actualidadadiario.com\/index.php\/wp-json\/wp\/v2\/posts"}],"about":[{"href":"https:\/\/www.actualidadadiario.com\/index.php\/wp-json\/wp\/v2\/types\/post"}],"author":[{"embeddable":true,"href":"https:\/\/www.actualidadadiario.com\/index.php\/wp-json\/wp\/v2\/users\/3"}],"replies":[{"embeddable":true,"href":"https:\/\/www.actualidadadiario.com\/index.php\/wp-json\/wp\/v2\/comments?post=46967"}],"version-history":[{"count":1,"href":"https:\/\/www.actualidadadiario.com\/index.php\/wp-json\/wp\/v2\/posts\/46967\/revisions"}],"predecessor-version":[{"id":46969,"href":"https:\/\/www.actualidadadiario.com\/index.php\/wp-json\/wp\/v2\/posts\/46967\/revisions\/46969"}],"wp:featuredmedia":[{"embeddable":true,"href":"https:\/\/www.actualidadadiario.com\/index.php\/wp-json\/wp\/v2\/media\/46968"}],"wp:attachment":[{"href":"https:\/\/www.actualidadadiario.com\/index.php\/wp-json\/wp\/v2\/media?parent=46967"}],"wp:term":[{"taxonomy":"category","embeddable":true,"href":"https:\/\/www.actualidadadiario.com\/index.php\/wp-json\/wp\/v2\/categories?post=46967"},{"taxonomy":"post_tag","embeddable":true,"href":"https:\/\/www.actualidadadiario.com\/index.php\/wp-json\/wp\/v2\/tags?post=46967"}],"curies":[{"name":"wp","href":"https:\/\/api.w.org\/{rel}","templated":true}]}}