{"id":46964,"date":"2019-06-25T10:36:52","date_gmt":"2019-06-25T13:36:52","guid":{"rendered":"https:\/\/www.actualidadadiario.com\/?p=46964"},"modified":"2019-06-25T10:36:52","modified_gmt":"2019-06-25T13:36:52","slug":"schiaretti-recibio-a-pichetto-en-el-inicio-de-la-campana-en-otro-gesto-a-macri","status":"publish","type":"post","link":"https:\/\/www.actualidadadiario.com\/index.php\/2019\/06\/25\/schiaretti-recibio-a-pichetto-en-el-inicio-de-la-campana-en-otro-gesto-a-macri\/","title":{"rendered":"Schiaretti recibi\u00f3 a Pichetto en el inicio de la campa\u00f1a, en otro gesto a Macri"},"content":{"rendered":"\n<p><strong><em>El rionegrino cancel\u00f3 una gira con Frigerio por el interior, pero viaj\u00f3 a C\u00f3rdoba a reunirse con el gobernador<\/em><\/strong><\/p>\n\n\n\n<p><\/p>\n\n\n\n<p><\/p>\n\n\n\n<p>El gobernador de C\u00f3rdoba, Juan Schiaretti, mand\u00f3 un fuerte\ngesto pol\u00edtico en el inicio de la campa\u00f1a para las elecciones presidenciales,\nen las que se declar\u00f3 prescindente. Este lunes recibi\u00f3 en su despacho al\ncandidato a vicepresidente de Juntos por el Cambio, Miguel Pichetto.<\/p>\n\n\n\n<p>Schiaretti y Pichetto se reunieron a solas en la sede del\ngobierno cordob\u00e9s y no hubo declaraciones a la prensa posteriores. El senador\nparti\u00f3 luego a una disertaci\u00f3n en la Bolsa de Comercio de la capital\nprovincial.<\/p>\n\n\n\n<p>Voceros de &#8220;El Gringo&#8221; hicieron trascender que el\nencuentro tuvo un marco institucional y no electoral, y aseguraron que el\ngobernador recibir\u00e1 a cualquier candidato nacional que quiera visitarlo.\n&#8220;Schiaretti recibir\u00e1 a todos los candidatos presidenciales que vengan a\nC\u00f3rdoba. Incluso si viene Cristina, que es a vice, y pide audiencia&#8221;, dijeron\ndesde el Centro C\u00edvico. <\/p>\n\n\n\n<p>Se trata del segundo gran gesto de Schiaretti hacia Mauricio\nMacri en esta campa\u00f1a. El primero -mucho m\u00e1s determinante- fue la decisi\u00f3n de competir\ncon boleta corta y no integrarse al espacio conformado por Roberto Lavagna y\nJuan Manuel Urtubey, que sin el apoyo del cordob\u00e9s perdi\u00f3 relevancia.<\/p>\n\n\n\n<p>Hay quienes ven otra ayuda importante del cordob\u00e9s a Macri y\nfue haber abandonado el armado de Alternativa Federal, dando lugar a la\ndispersi\u00f3n que termin\u00f3 con Pichetto en el Gobierno y Sergio Massa en el\nkirchnerismo.<\/p>\n\n\n\n<p>La visita de Pichetto a Schiaretti se dio luego de que el\nrionegrino cancelara una gira con Rogelio Frigerio por el interior, que comenzar\u00eda\nen Neuqu\u00e9n y R\u00edo Negro, otras dos provincias cuyos gobernadores tuvieron el\n&#8220;gesto&#8221; de ir con boleta corta y no acordar con el kirchnerismo.<\/p>\n\n\n\n<p>Seg\u00fan trascendi\u00f3, la suspensi\u00f3n de la gira tuvo que ver con\ncierto enojo de Pichetto y Frigerio por el destrato que sufri\u00f3 el ala pol\u00edtica\ndel Gobierno en el cierre de listas. Como cont\u00f3 LPO, la lapicera estuvo en\nmanos de Marcos Pe\u00f1a, que pese a la &#8220;apertura&#8221; de las \u00faltimas semanas\nnunca perdi\u00f3 el poder. Incluso, el armado que hab\u00eda bonaerense que teji\u00f3\nPichetto termin\u00f3 alej\u00e1ndose porque no le dieron ning\u00fan lugar y ya empez\u00f3 a\nrecibir llamados desde el kirchnerismo.<\/p>\n\n\n\n<p>M\u00e1s all\u00e1 de las rabietas de Pichetto y Frigerio contra Pe\u00f1a\nlo cierto es que la &#8220;gira&#8221; que hab\u00edan organizado tuvo de antemano un\nrev\u00e9s con la derrota del candidato del PRO en Cipolletti, la \u00fanica ciudad de\nR\u00edo Negro que gobernaba el partido de Macri. Es que el candidato a vice y el\nministro del Interior esperaban ir a &#8220;festejar&#8221; el triunfo que no\nfue.<\/p>\n","protected":false},"excerpt":{"rendered":"<p>El rionegrino cancel\u00f3 una gira con Frigerio por el interior, pero viaj\u00f3 a C\u00f3rdoba a reunirse con el gobernador El gobernador de C\u00f3rdoba, Juan Schiaretti, mand\u00f3 un fuerte gesto pol\u00edtico en el inicio de la campa\u00f1a para las elecciones presidenciales, en las que se declar\u00f3 prescindente. Este lunes recibi\u00f3 en su despacho al candidato a vicepresidente de Juntos por el Cambio, Miguel Pichetto. Schiaretti y Pichetto se reunieron a solas en la sede del gobierno cordob\u00e9s y no hubo declaraciones a la prensa posteriores. El senador parti\u00f3 luego a una&#8230;<\/p>\n","protected":false},"author":3,"featured_media":46965,"comment_status":"closed","ping_status":"closed","sticky":false,"template":"","format":"standard","meta":[],"categories":[18],"tags":[],"_links":{"self":[{"href":"https:\/\/www.actualidadadiario.com\/index.php\/wp-json\/wp\/v2\/posts\/46964"}],"collection":[{"href":"https:\/\/www.actualidadadiario.com\/index.php\/wp-json\/wp\/v2\/posts"}],"about":[{"href":"https:\/\/www.actualidadadiario.com\/index.php\/wp-json\/wp\/v2\/types\/post"}],"author":[{"embeddable":true,"href":"https:\/\/www.actualidadadiario.com\/index.php\/wp-json\/wp\/v2\/users\/3"}],"replies":[{"embeddable":true,"href":"https:\/\/www.actualidadadiario.com\/index.php\/wp-json\/wp\/v2\/comments?post=46964"}],"version-history":[{"count":1,"href":"https:\/\/www.actualidadadiario.com\/index.php\/wp-json\/wp\/v2\/posts\/46964\/revisions"}],"predecessor-version":[{"id":46966,"href":"https:\/\/www.actualidadadiario.com\/index.php\/wp-json\/wp\/v2\/posts\/46964\/revisions\/46966"}],"wp:featuredmedia":[{"embeddable":true,"href":"https:\/\/www.actualidadadiario.com\/index.php\/wp-json\/wp\/v2\/media\/46965"}],"wp:attachment":[{"href":"https:\/\/www.actualidadadiario.com\/index.php\/wp-json\/wp\/v2\/media?parent=46964"}],"wp:term":[{"taxonomy":"category","embeddable":true,"href":"https:\/\/www.actualidadadiario.com\/index.php\/wp-json\/wp\/v2\/categories?post=46964"},{"taxonomy":"post_tag","embeddable":true,"href":"https:\/\/www.actualidadadiario.com\/index.php\/wp-json\/wp\/v2\/tags?post=46964"}],"curies":[{"name":"wp","href":"https:\/\/api.w.org\/{rel}","templated":true}]}}