{"id":46961,"date":"2019-06-25T10:36:13","date_gmt":"2019-06-25T13:36:13","guid":{"rendered":"https:\/\/www.actualidadadiario.com\/?p=46961"},"modified":"2019-06-25T10:36:13","modified_gmt":"2019-06-25T13:36:13","slug":"insolito-macri-quiere-suspender-las-paso-y-el-macrismo-es-el-que-mas-internas-tiene","status":"publish","type":"post","link":"https:\/\/www.actualidadadiario.com\/index.php\/2019\/06\/25\/insolito-macri-quiere-suspender-las-paso-y-el-macrismo-es-el-que-mas-internas-tiene\/","title":{"rendered":"Ins\u00f3lito: Macri quiere suspender las PASO y el macrismo es el que m\u00e1s internas tiene"},"content":{"rendered":"\n<p><strong><em>&#8220;Juntos por el Cambio&#8221; decidir\u00e1 sus candidaturas en las urnas en una decena de provincias, sin embargo el propio oficialismo deleg\u00f3 en la UCR la presentaci\u00f3n de un proyecto de ley para suspenderlas. Contar\u00edan con un dudoso aval de Lavagna que casi no tiene representaci\u00f3n en el Congreso<\/em><\/strong><\/p>\n\n\n\n<p><\/p>\n\n\n\n<p><\/p>\n\n\n\n<p>Cientos de listas a candidatos a concejales, decenas de\ndiputados y senadores, una sola por espacio para la f\u00f3rmula presidencial. A\ncontramano del discurso de la Casa Rosada, que agita la suspensi\u00f3n, el cierre\nde listas del \u00faltimo s\u00e1bado mostr\u00f3 que todos los frentes pol\u00edticos utilizar\u00e1n\nel sistema de las primarias para dirimir sus internas en 17 distritos, en todas\nlas categor\u00edas nacionales, a las que se suman las provinciales y municipales.\nJuntos por el Cambio ser\u00e1 la coalici\u00f3n con m\u00e1s disputas: suma 16\nenfrentamientos en las listas legislativas. <\/p>\n\n\n\n<p>A tono con la discusi\u00f3n que impuls\u00f3 cuando envi\u00f3 al Congreso\nla reforma electoral, en 2016, hace tiempo que el Gobierno viene planteando la\nnecesidad de eliminar las elecciones primarias, por considerarlas un gasto\ninnecesario. En esa l\u00ednea, la diputada nacional Graciela Oca\u00f1a dijo este lunes\nque \u201clas Primarias Abiertas Simult\u00e1neas y Obligatorias (PASO) no tienen sentido\nde realizarse, no se pueden tirar m\u00e1s de 4.300 millones de pesos que podr\u00edan\nutilizarse en la construcci\u00f3n de hospitales, escuelas y otras obras\nnecesarias\u201d. Oca\u00f1a afirm\u00f3, adem\u00e1s, que \u201cno habr\u00e1 internas nacionales en esta\nelecci\u00f3n\u201d.<\/p>\n\n\n\n<p>Sin embargo, el cierre de listas no solo mostr\u00f3 la cantidad\nde disputas internas que habr\u00e1 en la mayor\u00eda de los distritos sino que,\nparad\u00f3jicamente, el oficialismo ser\u00e1 el frente que m\u00e1s usar\u00e1 el sistema. <\/p>\n\n\n\n<p>Aun as\u00ed, la diputada por la UCR Gabriela Burgos, present\u00f3\neste lunes un proyecto en el que propone suspender las elecciones primarias en\naquellos distritos en los que haya solo listas \u00fanicas para cargos nacionales.\n&#8220;Si existe m\u00e1s de una lista para algunos de los cargos en disputa, solo se\nrealizar\u00e1n las elecciones en el distrito correspondiente para definir solo esas\ncategor\u00edas y no para el restante de cargos nacionales. Es necesario no gastar\nlos fondos p\u00fablicos cuando no sea de utilidad y se obligue a la ciudadan\u00eda a\nemitir un sufragio que no decide nada electoralmente, evitando un enorme\ndespliegue de fuerzas pol\u00edticas y administrativas detr\u00e1s de la organizaci\u00f3n de\nunas elecciones nacionales&#8221;, dijo Burgos. En este mismo sentido se expres\u00f3\nel presidente de la UCR, Alfredo Cornejo.<\/p>\n\n\n\n<p>El oficialismo intentar\u00e1 poner el tema en discusi\u00f3n en las\npr\u00f3ximas semanas en Diputados, donde este a\u00f1o se aprobaron solamente siete leyes.\nPor su naturaleza electoral, para la aprobaci\u00f3n de la norma se requiere de una\nmayor\u00eda absoluta de la totalidad de los miembros de cada una de las C\u00e1maras, un\nn\u00famero que Juntos por el Cambio est\u00e1 lejos de conseguir por s\u00ed mismo. <\/p>\n\n\n\n<p>Por falta de acuerdos, el frente Juntos por el Cambio\ndecidi\u00f3 ir a internas en la categor\u00eda senadores y diputados nacionales en\nChaco, Entre R\u00edos, Santiago del Estero y Tierra del Fuego y solo para diputados\nen Corrientes, Chubut, Santa Fe, Formosa, Misiones, San Luis, Santiago del\nEstero y Tucum\u00e1n. En Corrientes, la coalici\u00f3n ECO+ Juntos por el Cambio tendr\u00e1\ntres boletas diferentes, al igual en Tierra del Fuego, Misiones y Entre R\u00edos.<\/p>\n\n\n\n<p>En segundo lugar en el ranking de internas se ubica el\nFrente de Todos, que tendr\u00e1 internas en las categor\u00edas de senadores y diputados\nnacionales en Chaco y Salta, y \u00fanicamente de diputados en Corrientes, Jujuy y\nTucum\u00e1n. En Corrientes, la coalici\u00f3n peronista llevar\u00e1 ocho boletas diferentes.\n<\/p>\n\n\n\n<p>En tanto, en Consenso Federal se dirimir\u00e1n candidaturas en\nlas PASO para candidatos a senadores por la Ciudad de Buenos Aires y para\ndiputados por Corrientes y Tucum\u00e1n. La fuerza que lleva como candidato\npresidencial a Roberto Lavagna tambi\u00e9n tendr\u00e1 dos listas en la elecci\u00f3n para\nJefe de Gobierno de la Ciudad de Buenos Aires: una la encabezar\u00e1 Mat\u00edas\nTombolini y la otra, Miguel \u00c1ngel Ponce. Cada uno llevar\u00e1 sus candidatos a\nlegisladores porte\u00f1os.<\/p>\n\n\n\n<p>En el Movimiento Popular Neuquino tambi\u00e9n habr\u00e1 internas, en\nla categor\u00eda senadores, donde se enfrentar\u00e1n el l\u00edder de los petroleros\nGuillermo Pereyra, contra Hugo Rauque. Tambi\u00e9n habr\u00e1 disputa en la lista de\ndiputados. <\/p>\n\n\n\n<p>Por \u00faltimo, la alianza Chubut al Frente, que lidera el\ngobernador reelecto Mariano Arcioni present\u00f3 dos listas que competir\u00e1n en las\nPASO, sin adherir a ning\u00fan candidato presidencial. El En tanto, el frente\nDespertar, que lleva como candidato presidencial a Jos\u00e9 Luis Espert, tendr\u00e1\ninternas en C\u00f3rdoba, donde se enfrentar\u00e1n dos listas de candidatos a diputados\nnacionales.<\/p>\n\n\n\n<p>Adem\u00e1s de las internas en las listas nacionales, las\nprimarias tambi\u00e9n se utilizan en las categor\u00edas locales de intendentes y\nconcejales. En la provincia de Buenos Aires, por ejemplo, Juntos por el Cambio\ntendr\u00e1 competencia en los municipios de Azul, Villegas, Tandil y Luj\u00e1n, entre\notros, mientras que en el Frente de Todos se anotaron, por ejemplo, cinco\nprecandidatos a intendente de La Plata, y seis para Moreno.<\/p>\n","protected":false},"excerpt":{"rendered":"<p>&#8220;Juntos por el Cambio&#8221; decidir\u00e1 sus candidaturas en las urnas en una decena de provincias, sin embargo el propio oficialismo deleg\u00f3 en la UCR la presentaci\u00f3n de un proyecto de ley para suspenderlas. Contar\u00edan con un dudoso aval de Lavagna que casi no tiene representaci\u00f3n en el Congreso Cientos de listas a candidatos a concejales, decenas de diputados y senadores, una sola por espacio para la f\u00f3rmula presidencial. A contramano del discurso de la Casa Rosada, que agita la suspensi\u00f3n, el cierre de listas del \u00faltimo s\u00e1bado mostr\u00f3 que todos&#8230;<\/p>\n","protected":false},"author":3,"featured_media":46962,"comment_status":"closed","ping_status":"closed","sticky":false,"template":"","format":"standard","meta":[],"categories":[9],"tags":[],"_links":{"self":[{"href":"https:\/\/www.actualidadadiario.com\/index.php\/wp-json\/wp\/v2\/posts\/46961"}],"collection":[{"href":"https:\/\/www.actualidadadiario.com\/index.php\/wp-json\/wp\/v2\/posts"}],"about":[{"href":"https:\/\/www.actualidadadiario.com\/index.php\/wp-json\/wp\/v2\/types\/post"}],"author":[{"embeddable":true,"href":"https:\/\/www.actualidadadiario.com\/index.php\/wp-json\/wp\/v2\/users\/3"}],"replies":[{"embeddable":true,"href":"https:\/\/www.actualidadadiario.com\/index.php\/wp-json\/wp\/v2\/comments?post=46961"}],"version-history":[{"count":1,"href":"https:\/\/www.actualidadadiario.com\/index.php\/wp-json\/wp\/v2\/posts\/46961\/revisions"}],"predecessor-version":[{"id":46963,"href":"https:\/\/www.actualidadadiario.com\/index.php\/wp-json\/wp\/v2\/posts\/46961\/revisions\/46963"}],"wp:featuredmedia":[{"embeddable":true,"href":"https:\/\/www.actualidadadiario.com\/index.php\/wp-json\/wp\/v2\/media\/46962"}],"wp:attachment":[{"href":"https:\/\/www.actualidadadiario.com\/index.php\/wp-json\/wp\/v2\/media?parent=46961"}],"wp:term":[{"taxonomy":"category","embeddable":true,"href":"https:\/\/www.actualidadadiario.com\/index.php\/wp-json\/wp\/v2\/categories?post=46961"},{"taxonomy":"post_tag","embeddable":true,"href":"https:\/\/www.actualidadadiario.com\/index.php\/wp-json\/wp\/v2\/tags?post=46961"}],"curies":[{"name":"wp","href":"https:\/\/api.w.org\/{rel}","templated":true}]}}