{"id":46958,"date":"2019-06-25T10:35:31","date_gmt":"2019-06-25T13:35:31","guid":{"rendered":"https:\/\/www.actualidadadiario.com\/?p=46958"},"modified":"2019-06-25T10:35:31","modified_gmt":"2019-06-25T13:35:31","slug":"cristina-se-acerco-al-campo-y-se-reunio-con-productores-citricolas-de-entre-rios","status":"publish","type":"post","link":"https:\/\/www.actualidadadiario.com\/index.php\/2019\/06\/25\/cristina-se-acerco-al-campo-y-se-reunio-con-productores-citricolas-de-entre-rios\/","title":{"rendered":"Cristina se acerc\u00f3 al campo y se reuni\u00f3 con productores citr\u00edcolas de Entre R\u00edos"},"content":{"rendered":"\n<p><strong><em>La candidata a la vicepresidencia por el Frente de Todos, Cristina Fern\u00e1ndez, mantuvo ayer un encuentro con productores e industriales citr\u00edcolas. El eje de la reuni\u00f3n fueron las retenciones que hoy afectan a las econom\u00edas regionales y que, seg\u00fan los chacareros, est\u00e1n muy por arriba de la gesti\u00f3n anterior<\/em><\/strong><\/p>\n\n\n\n<p><\/p>\n\n\n\n<p><\/p>\n\n\n\n<p>La senadora recibi\u00f3 a representantes del sector en su\ndespacho del Congreso, quienes le plantearon los problemas por lo que atraviesa\nla actividad, entre ellos, el al alza de los costos, que complica el margen de\ncompetitividad frente a precios que oscilan con gran volatilidad, y las\nretenciones.<\/p>\n\n\n\n<p>&#8220;La ex presidente se mostr\u00f3 predispuesta, en caso de\nque gane las elecciones, a darle soluci\u00f3n a los problemas que tiene el\nsector&#8221;, dijo el presidente de la Federaci\u00f3n del Citrus de Entre R\u00edos,\nAriel Panozzo.<\/p>\n\n\n\n<p>Fern\u00e1ndez se comprometi\u00f3 a visitar Entre R\u00edos en breve para\nhablar con otros productores, que como los citr\u00edcolas, tambi\u00e9n pasan por la\nmisma situaci\u00f3n. Es el caso de los ar\u00e1ndanos, arroceros y av\u00edcolas.<\/p>\n\n\n\n<p>Fuentes cercanas a la ex mandataria se\u00f1alaron que Cristina\nya viene manteniendo encuentros con productores de las econom\u00edas regionales de\nlas provincias de Tucum\u00e1n y R\u00edo Negro, y no descartaron seguir visitando a\notros sectores.<\/p>\n\n\n\n<p>&#8220;Tocamos el tema de las retenciones, pero Fern\u00e1ndez\ndijo que eso es una decisi\u00f3n de Alberto, ya que ella ser\u00e1 la vice&#8221;,\ncoment\u00f3 Panozzo, quien agreg\u00f3 que &#8220;est\u00e1 previsto una reuni\u00f3n&#8221; con el\nex jefe de gabinete.<\/p>\n\n\n\n<p>El productor rescat\u00f3 que Cristina &#8220;se mostr\u00f3 preocupada\npor las altas retenciones que el actual gobierno aplic\u00f3 al sector, que\ncomparadas con las del kirchnerismo, son mucho mayores&#8221;.<\/p>\n\n\n\n<p>Tambi\u00e9n la cooperativa Jucofer, una f\u00e1brica de jugos que\nrepresenta a 120 socios, tuvo la posibilidad de verse cara a cara con\nFern\u00e1ndez.<\/p>\n\n\n\n<p>&#8220;Notamos una buena predisposici\u00f3n de la ex mandataria,\npregunto y anot\u00f3 todo lo referido a los altos costos y los problemas que\ntenemos para vender al mercado interno, donde el consumo cay\u00f3&#8221;, dijo a\neste medio su presidente Gustavo Cechetto, quien aclar\u00f3 que &#8220;la idea es\nreunirnos con todos los candidatos para que sepan la grave situaci\u00f3n por la que\natravesamos&#8221;.<\/p>\n\n\n\n<p>Las fuentes no descartaron una visita de Cristina a las\nentidades rurales, pero depender\u00e1 de si \u00e9stas trasladan la invitaci\u00f3n, aunque\nquiz\u00e1s prefieran recibir a Alberto Fern\u00e1ndez.<\/p>\n\n\n\n<p>Meses atr\u00e1s, el ex economista Axel Kicillof se reuni\u00f3 con la\nSociedad Rural de Bragado y eso produjo el enojo de su entidad madre, la\nConfederaci\u00f3n de Asociaciones Rurales de Buenos Aires y La Pampa (Carbap), que\na partir de ah\u00ed orden\u00f3 que las sociedades rurales no reciban a candidatos\nnacionales de ninguna l\u00ednea pol\u00edtica.<\/p>\n\n\n\n<p>M\u00e1s all\u00e1 de las retenciones, que se vio en todos los\ngobiernos, el enojo del campo pasa por la visi\u00f3n que tuvo el kirchnerismo con\nel sector.<\/p>\n","protected":false},"excerpt":{"rendered":"<p>La candidata a la vicepresidencia por el Frente de Todos, Cristina Fern\u00e1ndez, mantuvo ayer un encuentro con productores e industriales citr\u00edcolas. El eje de la reuni\u00f3n fueron las retenciones que hoy afectan a las econom\u00edas regionales y que, seg\u00fan los chacareros, est\u00e1n muy por arriba de la gesti\u00f3n anterior La senadora recibi\u00f3 a representantes del sector en su despacho del Congreso, quienes le plantearon los problemas por lo que atraviesa la actividad, entre ellos, el al alza de los costos, que complica el margen de competitividad frente a precios que&#8230;<\/p>\n","protected":false},"author":3,"featured_media":46959,"comment_status":"closed","ping_status":"closed","sticky":false,"template":"","format":"standard","meta":[],"categories":[18],"tags":[],"_links":{"self":[{"href":"https:\/\/www.actualidadadiario.com\/index.php\/wp-json\/wp\/v2\/posts\/46958"}],"collection":[{"href":"https:\/\/www.actualidadadiario.com\/index.php\/wp-json\/wp\/v2\/posts"}],"about":[{"href":"https:\/\/www.actualidadadiario.com\/index.php\/wp-json\/wp\/v2\/types\/post"}],"author":[{"embeddable":true,"href":"https:\/\/www.actualidadadiario.com\/index.php\/wp-json\/wp\/v2\/users\/3"}],"replies":[{"embeddable":true,"href":"https:\/\/www.actualidadadiario.com\/index.php\/wp-json\/wp\/v2\/comments?post=46958"}],"version-history":[{"count":1,"href":"https:\/\/www.actualidadadiario.com\/index.php\/wp-json\/wp\/v2\/posts\/46958\/revisions"}],"predecessor-version":[{"id":46960,"href":"https:\/\/www.actualidadadiario.com\/index.php\/wp-json\/wp\/v2\/posts\/46958\/revisions\/46960"}],"wp:featuredmedia":[{"embeddable":true,"href":"https:\/\/www.actualidadadiario.com\/index.php\/wp-json\/wp\/v2\/media\/46959"}],"wp:attachment":[{"href":"https:\/\/www.actualidadadiario.com\/index.php\/wp-json\/wp\/v2\/media?parent=46958"}],"wp:term":[{"taxonomy":"category","embeddable":true,"href":"https:\/\/www.actualidadadiario.com\/index.php\/wp-json\/wp\/v2\/categories?post=46958"},{"taxonomy":"post_tag","embeddable":true,"href":"https:\/\/www.actualidadadiario.com\/index.php\/wp-json\/wp\/v2\/tags?post=46958"}],"curies":[{"name":"wp","href":"https:\/\/api.w.org\/{rel}","templated":true}]}}