{"id":46947,"date":"2019-06-25T10:32:29","date_gmt":"2019-06-25T13:32:29","guid":{"rendered":"https:\/\/www.actualidadadiario.com\/?p=46947"},"modified":"2019-06-25T10:32:29","modified_gmt":"2019-06-25T13:32:29","slug":"grave-en-la-argentina-se-pierde-un-empleo-registrado-cada-2-minutos","status":"publish","type":"post","link":"https:\/\/www.actualidadadiario.com\/index.php\/2019\/06\/25\/grave-en-la-argentina-se-pierde-un-empleo-registrado-cada-2-minutos\/","title":{"rendered":"Grave: en la Argentina se pierde un empleo registrado cada 2 minutos"},"content":{"rendered":"\n<p><strong><em>Un estudio de la Universidad de Avellaneda revel\u00f3 que entre marzo de 2018 y marzo de este a\u00f1o, se dieron de baja 268.000 puestos de trabajo de la econom\u00eda formal, unos 22.360 por mes, 735 por d\u00eda o 30 por hora. A futuro, el panorama es sombr\u00edo y poco alentador<\/em><\/strong><\/p>\n\n\n\n<p><\/p>\n\n\n\n<p><\/p>\n\n\n\n<p>Un informe de la Universidad de Avellaneda revel\u00f3 que en los\n\u00faltimos 12 meses en la Argentina se perdi\u00f3 un empleo registrado cada dos\nminutos.<\/p>\n\n\n\n<p>El estudio realizado sobre los datos oficiales del Sistema\nIntegrado Previsional Argentino, indic\u00f3 que entre marzo de 2018 y marzo de este\na\u00f1o, se dieron de baja 268.000 puestos de trabajo de la econom\u00eda formal.\nImplica unos 22.360 por mes, 735 por d\u00eda o 30 por hora.<\/p>\n\n\n\n<p>El reporte asever\u00f3 que las reducciones m\u00e1s significativas se\nencuentran en el sector industrial (-67.000), comercio (-45.000), transporte y\ncomunicaciones (-18.000) y actividades inmobiliarias y empresarias (-14.000).\nAl analizar la evoluci\u00f3n del empleo por provincia, se detectaron ca\u00eddas en 21\nde las 24 jurisdicciones, a excepci\u00f3n de Neuqu\u00e9n, Catamarca y Santa Cruz.<\/p>\n\n\n\n<p>Para el Observatorio de Pol\u00edticas P\u00fablicas de la UndAv, la\nproblem\u00e1tica del empleo se debe al \u201ccambio radical\u201d en la matriz macroecon\u00f3mica\ndesde iniciado a fines de 2015. \u201cDe un modelo que priorizaba el consumo interno\ncomo tractor del crecimiento econ\u00f3mico, apuntalando los ingresos reales de las\nclases media y baja, se busc\u00f3 mutar a un perfil productivo traccionado por las\nexportaciones\u201d, remarc\u00f3.<\/p>\n\n\n\n<p>Pero con un contexto internacional desfavorable, donde los\npa\u00edses defienden su producci\u00f3n, se prioriz\u00f3 la especializaci\u00f3n en productos\nprimarios y la Argentina empeor\u00f3 en t\u00e9rminos laborales. \u201c(Este modelo) resta\ngrados de libertad en t\u00e9rminos de la independencia econ\u00f3mica por todos aquellos\nproductos industriales que no producimos y cercena la posibilidad de extender\nlos frutos de un eventual crecimiento a los sectores m\u00e1s postergados, a partir\nde los subproductos indeseables de la existencia de un \u2018ej\u00e9rcito de reserva\u2019\nque presione salarios reales a la baja\u201d, destac\u00f3 la Universidad.<\/p>\n\n\n\n<p>Seg\u00fan el INDEC, en el primer trimestre de 2019 la\ndesocupaci\u00f3n alcanz\u00f3 los dos d\u00edgitos y trep\u00f3 al 10,1% por primera vez desde\n2006, lo que revela un crecimiento de 4,2% en relaci\u00f3n a 2015 y 1% en relaci\u00f3n\nal mismo periodo de 2018.<\/p>\n\n\n\n<p>En el sector privado se registr\u00f3 una baja del 2,5% en el\n\u201cempleo de calidad\u201d; de 2,8% entre los independientes aut\u00f3nomos, y del 5,5%\nentre monotributistas. \u201cSolo repuntan las y los trabajadores de casas\nparticulares, con una suba de 2,4%, en el marco del proceso de regularizaci\u00f3n\niniciado en 2013\u201d, destac\u00f3 el an\u00e1lisis acad\u00e9mico.<\/p>\n\n\n\n<p><strong>Ganadores y\nperdedores<\/strong><\/p>\n\n\n\n<p>Al indagar entre los \u201cganadores y perdedores\u201d del actual\nmodelo econ\u00f3mico, se encuentra que, por cada empleo nuevo en el sector agrario,\nse destruyeron m\u00e1s de 335 en la industria.<\/p>\n\n\n\n<p>\u201cEl ajuste por el sector p\u00fablico vino m\u00e1s que nada por la\nca\u00edda real en las remuneraciones de los empleados estatales\u201d, a\u00f1adi\u00f3. En el\nperiodo enero-marzo de 2019 la mediana de la remuneraci\u00f3n de los asalariados\nformales era de $ 31.687, un 12,1% menos a precios de marzo que el promedio del\n2018, unos $ 4.300. En comparaci\u00f3n con 2015, esta p\u00e9rdida alcanza el 18,2%.<\/p>\n\n\n\n<p>A futuro, las perspectivas para los pr\u00f3ximos meses no son\nauspiciosas. \u201cLa tasa de entrada al mercado laboral est\u00e1 en los niveles m\u00e1s\nbajos desde la salida de la crisis del 2002\u201d, sostuvo la Undav.<\/p>\n","protected":false},"excerpt":{"rendered":"<p>Un estudio de la Universidad de Avellaneda revel\u00f3 que entre marzo de 2018 y marzo de este a\u00f1o, se dieron de baja 268.000 puestos de trabajo de la econom\u00eda formal, unos 22.360 por mes, 735 por d\u00eda o 30 por hora. A futuro, el panorama es sombr\u00edo y poco alentador Un informe de la Universidad de Avellaneda revel\u00f3 que en los \u00faltimos 12 meses en la Argentina se perdi\u00f3 un empleo registrado cada dos minutos. El estudio realizado sobre los datos oficiales del Sistema Integrado Previsional Argentino, indic\u00f3 que entre&#8230;<\/p>\n","protected":false},"author":3,"featured_media":46948,"comment_status":"closed","ping_status":"closed","sticky":false,"template":"","format":"standard","meta":[],"categories":[9],"tags":[],"_links":{"self":[{"href":"https:\/\/www.actualidadadiario.com\/index.php\/wp-json\/wp\/v2\/posts\/46947"}],"collection":[{"href":"https:\/\/www.actualidadadiario.com\/index.php\/wp-json\/wp\/v2\/posts"}],"about":[{"href":"https:\/\/www.actualidadadiario.com\/index.php\/wp-json\/wp\/v2\/types\/post"}],"author":[{"embeddable":true,"href":"https:\/\/www.actualidadadiario.com\/index.php\/wp-json\/wp\/v2\/users\/3"}],"replies":[{"embeddable":true,"href":"https:\/\/www.actualidadadiario.com\/index.php\/wp-json\/wp\/v2\/comments?post=46947"}],"version-history":[{"count":1,"href":"https:\/\/www.actualidadadiario.com\/index.php\/wp-json\/wp\/v2\/posts\/46947\/revisions"}],"predecessor-version":[{"id":46949,"href":"https:\/\/www.actualidadadiario.com\/index.php\/wp-json\/wp\/v2\/posts\/46947\/revisions\/46949"}],"wp:featuredmedia":[{"embeddable":true,"href":"https:\/\/www.actualidadadiario.com\/index.php\/wp-json\/wp\/v2\/media\/46948"}],"wp:attachment":[{"href":"https:\/\/www.actualidadadiario.com\/index.php\/wp-json\/wp\/v2\/media?parent=46947"}],"wp:term":[{"taxonomy":"category","embeddable":true,"href":"https:\/\/www.actualidadadiario.com\/index.php\/wp-json\/wp\/v2\/categories?post=46947"},{"taxonomy":"post_tag","embeddable":true,"href":"https:\/\/www.actualidadadiario.com\/index.php\/wp-json\/wp\/v2\/tags?post=46947"}],"curies":[{"name":"wp","href":"https:\/\/api.w.org\/{rel}","templated":true}]}}