{"id":46942,"date":"2019-06-25T10:31:09","date_gmt":"2019-06-25T13:31:09","guid":{"rendered":"https:\/\/www.actualidadadiario.com\/?p=46942"},"modified":"2019-06-25T10:31:09","modified_gmt":"2019-06-25T13:31:09","slug":"esta-semana-se-presentan-datos-oficiales-sensibles","status":"publish","type":"post","link":"https:\/\/www.actualidadadiario.com\/index.php\/2019\/06\/25\/esta-semana-se-presentan-datos-oficiales-sensibles\/","title":{"rendered":"Esta semana se presentan datos oficiales sensibles"},"content":{"rendered":"\n<p><strong><em>Esta ser\u00e1 una semana fuerte en cuanto a datos oficiales: adem\u00e1s del \u00cdndice de Salarios de abril, que podr\u00eda mostrar otro mes de deterioro pero que definitivamente comenzar\u00e1 a moderar su ca\u00edda, el Ministerio de Producci\u00f3n publicar\u00e1 los datos del SIPA de empleo registrado del mismo mes. Ambos datos hasta ac\u00e1 mostraron un fuerte derrotero negativo y en paralelo. El Indec sacar\u00e1 tambi\u00e9n el dato del Gini del primer trimestre<\/em><\/strong><\/p>\n\n\n\n<p><\/p>\n\n\n\n<p><\/p>\n\n\n\n<p>Adem\u00e1s el Indec publicar\u00e1 hoy los n\u00fameros de consumo en\nshoppings y supermercados, que hasta ac\u00e1 registraron ca\u00eddas interanuales\nabultadas. La din\u00e1mica del consumo es clave en el desplome de la actividad\nproductiva, que en el primer trimestre fue de 0,2% desestacionalizado y de 5,8%\ninteranual. Y en ese sentido ma\u00f1ana el mismo Indec publicar\u00e1 el Emae de abril,\nque revelar\u00e1 si finalmente el agro alcanz\u00f3 para que el PBI toque piso, al menos\nen forma temporal, tras su persistente ca\u00edda que apenas encontr\u00f3 pausa durante\nel verano.<\/p>\n\n\n\n<p>Ma\u00f1ana el Indec publicar\u00e1 tambi\u00e9n la Balanza de pagos del\nprimer trimestre, que mostrar\u00e1 los n\u00fameros del indicador clave de la econom\u00eda\nlocal, que explic\u00f3 las crisis cambiarias de 2014, 2016 y 2018. Su din\u00e1mica\nnegativa se moder\u00f3 por la apreciaci\u00f3n del d\u00f3lar. En ese sentido, ma\u00f1ana tambi\u00e9n\nsaldr\u00e1 a la luz el dato del Intercambio Comercial Argentino (ICA) de mayo.<\/p>\n","protected":false},"excerpt":{"rendered":"<p>Esta ser\u00e1 una semana fuerte en cuanto a datos oficiales: adem\u00e1s del \u00cdndice de Salarios de abril, que podr\u00eda mostrar otro mes de deterioro pero que definitivamente comenzar\u00e1 a moderar su ca\u00edda, el Ministerio de Producci\u00f3n publicar\u00e1 los datos del SIPA de empleo registrado del mismo mes. Ambos datos hasta ac\u00e1 mostraron un fuerte derrotero negativo y en paralelo. El Indec sacar\u00e1 tambi\u00e9n el dato del Gini del primer trimestre Adem\u00e1s el Indec publicar\u00e1 hoy los n\u00fameros de consumo en shoppings y supermercados, que hasta ac\u00e1 registraron ca\u00eddas interanuales abultadas&#8230;.<\/p>\n","protected":false},"author":3,"featured_media":46778,"comment_status":"closed","ping_status":"closed","sticky":false,"template":"","format":"standard","meta":[],"categories":[2],"tags":[],"_links":{"self":[{"href":"https:\/\/www.actualidadadiario.com\/index.php\/wp-json\/wp\/v2\/posts\/46942"}],"collection":[{"href":"https:\/\/www.actualidadadiario.com\/index.php\/wp-json\/wp\/v2\/posts"}],"about":[{"href":"https:\/\/www.actualidadadiario.com\/index.php\/wp-json\/wp\/v2\/types\/post"}],"author":[{"embeddable":true,"href":"https:\/\/www.actualidadadiario.com\/index.php\/wp-json\/wp\/v2\/users\/3"}],"replies":[{"embeddable":true,"href":"https:\/\/www.actualidadadiario.com\/index.php\/wp-json\/wp\/v2\/comments?post=46942"}],"version-history":[{"count":1,"href":"https:\/\/www.actualidadadiario.com\/index.php\/wp-json\/wp\/v2\/posts\/46942\/revisions"}],"predecessor-version":[{"id":46943,"href":"https:\/\/www.actualidadadiario.com\/index.php\/wp-json\/wp\/v2\/posts\/46942\/revisions\/46943"}],"wp:featuredmedia":[{"embeddable":true,"href":"https:\/\/www.actualidadadiario.com\/index.php\/wp-json\/wp\/v2\/media\/46778"}],"wp:attachment":[{"href":"https:\/\/www.actualidadadiario.com\/index.php\/wp-json\/wp\/v2\/media?parent=46942"}],"wp:term":[{"taxonomy":"category","embeddable":true,"href":"https:\/\/www.actualidadadiario.com\/index.php\/wp-json\/wp\/v2\/categories?post=46942"},{"taxonomy":"post_tag","embeddable":true,"href":"https:\/\/www.actualidadadiario.com\/index.php\/wp-json\/wp\/v2\/tags?post=46942"}],"curies":[{"name":"wp","href":"https:\/\/api.w.org\/{rel}","templated":true}]}}