{"id":46938,"date":"2019-06-25T10:29:45","date_gmt":"2019-06-25T13:29:45","guid":{"rendered":"https:\/\/www.actualidadadiario.com\/?p=46938"},"modified":"2019-06-25T10:29:45","modified_gmt":"2019-06-25T13:29:45","slug":"a-pesar-del-aumento-diferido-el-gas-costara-50-mas-que-en-2018","status":"publish","type":"post","link":"https:\/\/www.actualidadadiario.com\/index.php\/2019\/06\/25\/a-pesar-del-aumento-diferido-el-gas-costara-50-mas-que-en-2018\/","title":{"rendered":"A pesar del aumento diferido, el gas costar\u00e1 50% m\u00e1s que en 2018"},"content":{"rendered":"\n<p><strong><em>Con la publicaci\u00f3n de la resoluci\u00f3n 336\/2019 de la Secretar\u00eda de Energ\u00eda en el Bolet\u00edn Oficial, el Gobierno efectiviz\u00f3 ayer el diferimiento del tarifazo de gas para despu\u00e9s de las elecciones. As\u00ed, el aumento percibido por los usuarios residenciales entre julio y octubre se pagar\u00e1 en cinco cuotas mensuales a partir de diciembre junto con el consumo de verano, que incluir\u00e1 una suba extra posbalotaje. Pero, a pesar de la pol\u00edtica tarifaria en modo campa\u00f1a, las boletas de este invierno llegar\u00e1n con un alza de alrededor del 50% interanual<\/em><\/strong><\/p>\n\n\n\n<p><\/p>\n\n\n\n<p><\/p>\n\n\n\n<p>A fines de marzo, el secretario Gustavo Lopetegui anunci\u00f3\nque desde el 1\u00b0 de abril regir\u00eda un incremento del 29% en el gas. Sin embargo,\ndise\u00f1\u00f3 un esquema de aplicaci\u00f3n para mitigar el impacto en los meses previos a\nlas presidenciales. Primero, paut\u00f3 un escalonamiento de la suba en tres cuotas\n(abril, mayo y junio); luego, un diferimiento del aumento en los meses de mayor\nconsumo: las facturas de junio a septiembre, que llegar\u00e1n entre julio y\noctubre, tendr\u00e1n un &#8220;descuento&#8221; del 22%. El monto descontado se\ntrasladar\u00e1 a los meses de verano, de menor consumo. Un &#8220;alivio a los\nbolsillos&#8221;, al decir de los funcionarios, financiado por el Estado con una\nampliaci\u00f3n de los subsidios por $4.500 millones.<\/p>\n\n\n\n<p>As\u00ed, el grueso del incremento, y su consecuente costo\npol\u00edtico, recaer\u00e1 en el pr\u00f3ximo Gobierno. Pero la movida no queda ah\u00ed. En\ndiciembre, tambi\u00e9n llegar\u00e1 el pr\u00f3ximo tarifazo correspondiente al llamado\nsemestre de verano (cuyo porcentaje a\u00fan se desconoce), que la normativa prev\u00e9\nque se realice todos los a\u00f1os en octubre pero que Energ\u00eda resolvi\u00f3 postergar\ndurante dos meses. As\u00ed, comenzar\u00e1 a regir siete d\u00edas despu\u00e9s de la fecha\npautada para el balotaje.<\/p>\n\n\n\n<p>Con todo, el alivio es relativamente limitado. De acuerdo al\nc\u00e1lculo promedio difundido por los funcionarios, la suba del 29% para el\nsemestre de invierno completa un aumento interanual del 74,5% sin considerar el\ndiferimiento. Al descontar el 22%, el alza respecto del invierno pasado se\nrecorta al 42,7%. Pero en los cuadros tarifarios publicados por las empresas\nlos n\u00fameros se elevan. Es el caso de Metrogas, que public\u00f3 montos que implican\nun incremento que ronda el 90% interanual, excepto para el 20% de hogares de\nmayor consumo, que afrontar\u00e1n porcentajes menores. Con el diferimiento, las boletas\na pagar desde julio ser\u00edan en promedio 48,2% m\u00e1s caras que en el mismo mes de\n2018.<\/p>\n\n\n\n<p>De cualquier manera, con la suba de abril, Cambiemos cerrar\u00e1\nsu mandato con un tarifazo de gas acumulado del 2.289%.<\/p>\n\n\n\n<p><strong>Modo campa\u00f1a<\/strong><\/p>\n\n\n\n<p>La t\u00e1ctica del diferimiento se combina con otras medidas del\nGobierno con miras a los comicios, como ya hizo en 2017: se destacan la vuelta\nde los cr\u00e9ditos Anses para jubilados y beneficiarios de AUH, y el intento por\ncontener al d\u00f3lar durante la campa\u00f1a con el financiamiento del FMI.<\/p>\n\n\n\n<p>Pero esta din\u00e1mica ya se hizo tradici\u00f3n. Un informe de la\nUniversidad Austral apunta que en la \u00faltima d\u00e9cada los anab\u00f3licos electorales\ngeneraron un serrucho en el que los a\u00f1os impares marcaron menores \u00edndices de\ninflaci\u00f3n y mayores tasas de crecimiento que los pares.<\/p>\n\n\n\n<p>El an\u00e1lisis elaborado por el economista Mart\u00edn Calveira\nexplica que en los a\u00f1os electivos &#8220;la pol\u00edtica maximiza su estrategia para\nestablecerse o continuar en el Poder Ejecutivo, resultando que en a\u00f1os de\nelecciones se eviten ajustes, se realicen pol\u00edticas expansivas en aras de\nevitar o minimizar el ciclo recesivo&#8221;.<\/p>\n\n\n\n<p>Pero, en plena crisis y con el f\u00e9rreo programa fiscal\ncustodiado por el Fondo, todav\u00eda no est\u00e1 garantizado que el veranito electoral\nbuscado sea efectivo.<\/p>\n","protected":false},"excerpt":{"rendered":"<p>Con la publicaci\u00f3n de la resoluci\u00f3n 336\/2019 de la Secretar\u00eda de Energ\u00eda en el Bolet\u00edn Oficial, el Gobierno efectiviz\u00f3 ayer el diferimiento del tarifazo de gas para despu\u00e9s de las elecciones. As\u00ed, el aumento percibido por los usuarios residenciales entre julio y octubre se pagar\u00e1 en cinco cuotas mensuales a partir de diciembre junto con el consumo de verano, que incluir\u00e1 una suba extra posbalotaje. Pero, a pesar de la pol\u00edtica tarifaria en modo campa\u00f1a, las boletas de este invierno llegar\u00e1n con un alza de alrededor del 50% interanual A&#8230;<\/p>\n","protected":false},"author":3,"featured_media":45076,"comment_status":"closed","ping_status":"closed","sticky":false,"template":"","format":"standard","meta":[],"categories":[2],"tags":[],"_links":{"self":[{"href":"https:\/\/www.actualidadadiario.com\/index.php\/wp-json\/wp\/v2\/posts\/46938"}],"collection":[{"href":"https:\/\/www.actualidadadiario.com\/index.php\/wp-json\/wp\/v2\/posts"}],"about":[{"href":"https:\/\/www.actualidadadiario.com\/index.php\/wp-json\/wp\/v2\/types\/post"}],"author":[{"embeddable":true,"href":"https:\/\/www.actualidadadiario.com\/index.php\/wp-json\/wp\/v2\/users\/3"}],"replies":[{"embeddable":true,"href":"https:\/\/www.actualidadadiario.com\/index.php\/wp-json\/wp\/v2\/comments?post=46938"}],"version-history":[{"count":1,"href":"https:\/\/www.actualidadadiario.com\/index.php\/wp-json\/wp\/v2\/posts\/46938\/revisions"}],"predecessor-version":[{"id":46939,"href":"https:\/\/www.actualidadadiario.com\/index.php\/wp-json\/wp\/v2\/posts\/46938\/revisions\/46939"}],"wp:featuredmedia":[{"embeddable":true,"href":"https:\/\/www.actualidadadiario.com\/index.php\/wp-json\/wp\/v2\/media\/45076"}],"wp:attachment":[{"href":"https:\/\/www.actualidadadiario.com\/index.php\/wp-json\/wp\/v2\/media?parent=46938"}],"wp:term":[{"taxonomy":"category","embeddable":true,"href":"https:\/\/www.actualidadadiario.com\/index.php\/wp-json\/wp\/v2\/categories?post=46938"},{"taxonomy":"post_tag","embeddable":true,"href":"https:\/\/www.actualidadadiario.com\/index.php\/wp-json\/wp\/v2\/tags?post=46938"}],"curies":[{"name":"wp","href":"https:\/\/api.w.org\/{rel}","templated":true}]}}