{"id":46932,"date":"2019-06-25T10:27:55","date_gmt":"2019-06-25T13:27:55","guid":{"rendered":"https:\/\/www.actualidadadiario.com\/?p=46932"},"modified":"2019-06-25T10:27:55","modified_gmt":"2019-06-25T13:27:55","slug":"kueider-y-casaretto-continuaran-en-funciones-durante-la-campana","status":"publish","type":"post","link":"https:\/\/www.actualidadadiario.com\/index.php\/2019\/06\/25\/kueider-y-casaretto-continuaran-en-funciones-durante-la-campana\/","title":{"rendered":"Kueider y Casaretto continuar\u00e1n en funciones durante la campa\u00f1a"},"content":{"rendered":"\n<p><strong><em>El gobernador Gustavo Bordet se refiri\u00f3 al armado de la lista del Frente de Todos y reiter\u00f3 que se busc\u00f3 \u201cun consenso que fue aceptado al punto tal que es la \u00fanica lista que se presenta\u201d. Confirm\u00f3 que los precandidatos a senador nacional, Edgardo Kueider, y a diputado nacional, Marcelo Casaretto, continuar\u00e1n en funciones hasta la finalizaci\u00f3n de la actual gesti\u00f3n<\/em><\/strong><\/p>\n\n\n\n<p><\/p>\n\n\n\n<p><\/p>\n\n\n\n<p>El gobernador explic\u00f3 que con el armado de la lista\n\u201cbuscamos un consenso que fue aceptado al punto tal que es la lista \u00fanica que\nse presenta. Priorizamos encontrar los puntos de acuerdo para que Entre R\u00edos\nest\u00e9 representado a trav\u00e9s de sus diputados y senadores con hombres y mujeres\nque lleven adelante esta priorizaci\u00f3n de pol\u00edticas p\u00fablicas\u201d.<\/p>\n\n\n\n<p>De aqu\u00ed en adelante, indic\u00f3, \u201cse continuar\u00e1 normalmente con\nla campa\u00f1a y nosotros con las actividades de gobierno en la provincia, tambi\u00e9n\npensando que despu\u00e9s del 10 de diciembre tenemos que hacer un relanzamiento de\ngesti\u00f3n\u201d.&nbsp; No avanz\u00f3 sobre el nuevo\ngabinete debido a que \u201cnos quedan seis meses de gesti\u00f3n\u201d.<\/p>\n\n\n\n<p>Bordet admiti\u00f3 que ve a las elecciones de agosto como una\nposibilidad de \u201cmensurar dos formas diferentes de gestionar y trabajar sobre la\nrealidad de los argentinos\u201d. La primera, dijo, \u201ctiene que ver con lo que ocurre\nhoy, que prioriza el modelo de especulaci\u00f3n, de renta financiera\u201d. La otra, a\nla que adhiere, plantea \u201cun modelo de producci\u00f3n, de desarrollo, de generaci\u00f3n\nde empleo, de defensa de nuestros productores y nuestra industria nacional.\nEntendemos que Alberto Fern\u00e1ndez cabalmente interpreta esta segunda posici\u00f3n y\nestaremos trabajando a esos efectos\u201d, agreg\u00f3.<\/p>\n\n\n\n<p>El gobernador confirm\u00f3 que los precandidatos Edgardo Kueider\ny Marcelo Casaretto continuar\u00e1n en funciones en la Secretar\u00eda General de la\nGobernaci\u00f3n y el IAPV, respectivamente. \u201cEl pedido de licencia que normalmente\nse hace es 15 d\u00edas antes de las elecciones, pero los reemplazos definitivos se\nhar\u00e1n cuando llegue el momento oportuno, noviembre o diciembre\u201d, explic\u00f3\nBordet, y ampli\u00f3: \u201cEn IAPV tenemos un programa de viviendas que ha sido&nbsp; exitoso, con mil unidades habitacionales que\nlas financiamos ciento por ciento con fondos provinciales y que no podemos\ndetener\u201d.<\/p>\n\n\n\n<p>Sobre la ausencia de Sergio Urribarri en las listas, el\nmandatario insisti\u00f3 en que \u201csimplemente se ha determinado por consenso quienes\nvan a ser los candidatos que nos representan, en la lista hay hombres y mujeres\nque han logrado tener el consenso mayoritario\u201d.<\/p>\n","protected":false},"excerpt":{"rendered":"<p>El gobernador Gustavo Bordet se refiri\u00f3 al armado de la lista del Frente de Todos y reiter\u00f3 que se busc\u00f3 \u201cun consenso que fue aceptado al punto tal que es la \u00fanica lista que se presenta\u201d. Confirm\u00f3 que los precandidatos a senador nacional, Edgardo Kueider, y a diputado nacional, Marcelo Casaretto, continuar\u00e1n en funciones hasta la finalizaci\u00f3n de la actual gesti\u00f3n El gobernador explic\u00f3 que con el armado de la lista \u201cbuscamos un consenso que fue aceptado al punto tal que es la lista \u00fanica que se presenta. Priorizamos encontrar&#8230;<\/p>\n","protected":false},"author":3,"featured_media":46933,"comment_status":"closed","ping_status":"closed","sticky":false,"template":"","format":"standard","meta":[],"categories":[15],"tags":[],"_links":{"self":[{"href":"https:\/\/www.actualidadadiario.com\/index.php\/wp-json\/wp\/v2\/posts\/46932"}],"collection":[{"href":"https:\/\/www.actualidadadiario.com\/index.php\/wp-json\/wp\/v2\/posts"}],"about":[{"href":"https:\/\/www.actualidadadiario.com\/index.php\/wp-json\/wp\/v2\/types\/post"}],"author":[{"embeddable":true,"href":"https:\/\/www.actualidadadiario.com\/index.php\/wp-json\/wp\/v2\/users\/3"}],"replies":[{"embeddable":true,"href":"https:\/\/www.actualidadadiario.com\/index.php\/wp-json\/wp\/v2\/comments?post=46932"}],"version-history":[{"count":1,"href":"https:\/\/www.actualidadadiario.com\/index.php\/wp-json\/wp\/v2\/posts\/46932\/revisions"}],"predecessor-version":[{"id":46934,"href":"https:\/\/www.actualidadadiario.com\/index.php\/wp-json\/wp\/v2\/posts\/46932\/revisions\/46934"}],"wp:featuredmedia":[{"embeddable":true,"href":"https:\/\/www.actualidadadiario.com\/index.php\/wp-json\/wp\/v2\/media\/46933"}],"wp:attachment":[{"href":"https:\/\/www.actualidadadiario.com\/index.php\/wp-json\/wp\/v2\/media?parent=46932"}],"wp:term":[{"taxonomy":"category","embeddable":true,"href":"https:\/\/www.actualidadadiario.com\/index.php\/wp-json\/wp\/v2\/categories?post=46932"},{"taxonomy":"post_tag","embeddable":true,"href":"https:\/\/www.actualidadadiario.com\/index.php\/wp-json\/wp\/v2\/tags?post=46932"}],"curies":[{"name":"wp","href":"https:\/\/api.w.org\/{rel}","templated":true}]}}