{"id":46925,"date":"2019-06-25T10:25:35","date_gmt":"2019-06-25T13:25:35","guid":{"rendered":"https:\/\/www.actualidadadiario.com\/?p=46925"},"modified":"2019-06-25T10:25:35","modified_gmt":"2019-06-25T13:25:35","slug":"iosper-retomo-el-convenio-con-neurocirujanos-lo-que-garantiza-nuevas-cirugias-para-los-afiliados","status":"publish","type":"post","link":"https:\/\/www.actualidadadiario.com\/index.php\/2019\/06\/25\/iosper-retomo-el-convenio-con-neurocirujanos-lo-que-garantiza-nuevas-cirugias-para-los-afiliados\/","title":{"rendered":"Iosper retom\u00f3 el convenio con neurocirujanos lo que garantiza nuevas cirug\u00edas para los afiliados"},"content":{"rendered":"\n<p><strong><em>Desde el 10 de julio de 2014, la obra social entrerriana no ten\u00eda un convenio con este grupo de profesionales. La novedad \u201cgarantizar\u00e1 las pr\u00e1cticas de segundo nivel y permitir\u00e1 autorizar un cupo mensual de operaciones de columna, inform\u00f3 el presidente del Directorio Obrero, Fernando Ca\u00f1ete<\/em><\/strong><\/p>\n\n\n\n<p><\/p>\n\n\n\n<p><\/p>\n\n\n\n<p>El Instituto Obra Social de Entre R\u00edos (Iosper) firm\u00f3 hoy un\nconvenio con la Asociaci\u00f3n Entrerriana de Neurolog\u00eda y Neurocirug\u00eda (AENN), que\ngarantizar\u00e1 las pr\u00e1cticas de segundo nivel y permitir\u00e1 autorizar un cupo\nmensual de operaciones de columna, inform\u00f3 el presidente del Directorio Obrero,\nFernando Ca\u00f1ete.<\/p>\n\n\n\n<p>Desde el 10 de julio de 2014, Iosper no ten\u00eda un convenio\ncon este grupo de profesionales, pero \u201cluego a\u00f1os de negociaciones llevadas\nadelante por los integrantes del Directorio Obrero Adri\u00e1n G\u00f3mez, Fabi\u00e1n Monz\u00f3n,\nFerm\u00edn Beltzer, Ricardo Bertonchini,&nbsp; en\nsu momento Marcelo Pagani y ahora Adriana Hepp, y Nancy Asselborn, con la\ncolaboraci\u00f3n del m\u00e9dico asesor de Presidencia de Omar Yazda, se pudo definir el\nacta acuerdo con la AENN\u201d, indic\u00f3 Ca\u00f1ete.<\/p>\n\n\n\n<p>En ese sentido, remarc\u00f3 la importancia de lo rubricado, ya\nque se defini\u00f3 en el acta \u201cel compromiso por parte de los neurocirujanos de\nbrindar servicios de segundo nivel, es decir, cirug\u00edas que tengan que ver con\nneurocirug\u00edas, y se estableci\u00f3 un cupo de cirug\u00edas de columna que podr\u00e1n\nrealizar\u201d, precis\u00f3.<\/p>\n\n\n\n<p>En ese sentido, aclar\u00f3 que s\u00f3lo quedaron excluidos los\nbloqueos: \u201ccervical, dorsal y lumbar facetario, reticular o epidural guiado por\nradioscopia, TAC, con ozonoterapia\u201d.<\/p>\n\n\n\n<p>Adem\u00e1s, precis\u00f3 que&nbsp;\nIosper autorizar\u00e1 siete cirug\u00edas de columna por mes, conforme a m\u00f3dulos\ny valores vigentes. Tambi\u00e9n aclar\u00f3 que las pr\u00e1cticas que se realicen por\nmotivos de urgencia debidamente acreditadas tambi\u00e9n ser\u00e1n autorizadas.<\/p>\n\n\n\n<p>\u201cAfiliado que tenga alg\u00fan tipo de necesidad de una cirug\u00eda\nde esta naturaleza ser\u00e1 auditado por los m\u00e9dicos de la obra social y, si\ncorresponde, inmediatamente se autorizar\u00e1 y llevar\u00e1 adelante la pr\u00e1ctica\u201d,\nremarc\u00f3 Ca\u00f1ete.<\/p>\n\n\n\n<p>Por otro lado aclar\u00f3 que, por el momento,&nbsp; \u201cno habr\u00e1 ambulatorio, por lo que solo se\nprestar\u00e1 la neurocirug\u00eda, es decir,&nbsp; no\nhabr\u00e1 consulta, porque a\u00fan no se pudo arribar a un acuerdo, pero se seguir\u00e1\ndialogando para implementar el servicio, que es algo que los afiliados est\u00e1n\npidiendo\u201d. <\/p>\n","protected":false},"excerpt":{"rendered":"<p>Desde el 10 de julio de 2014, la obra social entrerriana no ten\u00eda un convenio con este grupo de profesionales. La novedad \u201cgarantizar\u00e1 las pr\u00e1cticas de segundo nivel y permitir\u00e1 autorizar un cupo mensual de operaciones de columna, inform\u00f3 el presidente del Directorio Obrero, Fernando Ca\u00f1ete El Instituto Obra Social de Entre R\u00edos (Iosper) firm\u00f3 hoy un convenio con la Asociaci\u00f3n Entrerriana de Neurolog\u00eda y Neurocirug\u00eda (AENN), que garantizar\u00e1 las pr\u00e1cticas de segundo nivel y permitir\u00e1 autorizar un cupo mensual de operaciones de columna, inform\u00f3 el presidente del Directorio Obrero,&#8230;<\/p>\n","protected":false},"author":3,"featured_media":22659,"comment_status":"closed","ping_status":"closed","sticky":false,"template":"","format":"standard","meta":[],"categories":[15],"tags":[],"_links":{"self":[{"href":"https:\/\/www.actualidadadiario.com\/index.php\/wp-json\/wp\/v2\/posts\/46925"}],"collection":[{"href":"https:\/\/www.actualidadadiario.com\/index.php\/wp-json\/wp\/v2\/posts"}],"about":[{"href":"https:\/\/www.actualidadadiario.com\/index.php\/wp-json\/wp\/v2\/types\/post"}],"author":[{"embeddable":true,"href":"https:\/\/www.actualidadadiario.com\/index.php\/wp-json\/wp\/v2\/users\/3"}],"replies":[{"embeddable":true,"href":"https:\/\/www.actualidadadiario.com\/index.php\/wp-json\/wp\/v2\/comments?post=46925"}],"version-history":[{"count":1,"href":"https:\/\/www.actualidadadiario.com\/index.php\/wp-json\/wp\/v2\/posts\/46925\/revisions"}],"predecessor-version":[{"id":46926,"href":"https:\/\/www.actualidadadiario.com\/index.php\/wp-json\/wp\/v2\/posts\/46925\/revisions\/46926"}],"wp:featuredmedia":[{"embeddable":true,"href":"https:\/\/www.actualidadadiario.com\/index.php\/wp-json\/wp\/v2\/media\/22659"}],"wp:attachment":[{"href":"https:\/\/www.actualidadadiario.com\/index.php\/wp-json\/wp\/v2\/media?parent=46925"}],"wp:term":[{"taxonomy":"category","embeddable":true,"href":"https:\/\/www.actualidadadiario.com\/index.php\/wp-json\/wp\/v2\/categories?post=46925"},{"taxonomy":"post_tag","embeddable":true,"href":"https:\/\/www.actualidadadiario.com\/index.php\/wp-json\/wp\/v2\/tags?post=46925"}],"curies":[{"name":"wp","href":"https:\/\/api.w.org\/{rel}","templated":true}]}}