{"id":46922,"date":"2019-06-25T10:24:54","date_gmt":"2019-06-25T13:24:54","guid":{"rendered":"https:\/\/www.actualidadadiario.com\/?p=46922"},"modified":"2019-06-25T10:24:54","modified_gmt":"2019-06-25T13:24:54","slug":"urribarri-se-reunio-con-cristina-logramos-una-enorme-receptividad-afirmo","status":"publish","type":"post","link":"https:\/\/www.actualidadadiario.com\/index.php\/2019\/06\/25\/urribarri-se-reunio-con-cristina-logramos-una-enorme-receptividad-afirmo\/","title":{"rendered":"Urribarri se reuni\u00f3 con Cristina: &#8220;Logramos una enorme receptividad&#8221;, afirm\u00f3"},"content":{"rendered":"\n<p><strong><em>Cristina recibi\u00f3 al presidente de la C\u00e1mara de Diputados de Entre R\u00edos. Ella &#8220;formul\u00f3 una serie de consultas y qued\u00f3 establecida una agenda com\u00fan en la que ya comenzamos a trabajar&#8221;, resumi\u00f3 Urribarri<\/em><\/strong><\/p>\n\n\n\n<p><\/p>\n\n\n\n<p><\/p>\n\n\n\n<p>La candidata a vicepresidenta del Frente de Todos, Cristina\nKirchner, comparti\u00f3 una actividad en el Senado, junto al presidente de la\nC\u00e1mara de Diputados de Entre R\u00edos, Sergio Urribarri. <\/p>\n\n\n\n<p>El encuentro con Urribarri dur\u00f3 dos horas, y participaron\ntambi\u00e9n legisladores, intendentes y productores del sector citr\u00edcola de la\nprovincia de Entre R\u00edos, que vienen padeciendo la crisis del sector.<\/p>\n\n\n\n<p><strong>En Buenos Aires<\/strong><\/p>\n\n\n\n<p>Productores citr\u00edcolas fueron recibidos junto al presidente\nde la C\u00e1mara de Diputados de Entre R\u00edos, Sergio Urribarri, por la senadora\nnacional Cristina Fern\u00e1ndez de Kirchner en el Congreso. La ex presidenta y\nprecandidata a la Vicepresidencia de la Naci\u00f3n dialog\u00f3 durante dos horas junto\na miembros del bloque Frente para la Victoria &#8211; PJ acerca de los graves\nproblemas que atraviesa la cadena de valor y se elabor\u00f3 una agenda de trabajo\ncom\u00fan.<\/p>\n\n\n\n<p>La audiencia fue pedida por Urribarri en mayo, ante el\nplanteo de los productores, que semanas atr\u00e1s realizaron un &#8220;frutazo&#8221;\nen el cual, a modo de protesta, regalaron sus naranjas en Plaza de Mayo. La\nintenci\u00f3n fue plantear la posibilidad de motorizar algunas modificaciones\nnormativas que ayuden a paliar la situaci\u00f3n.<\/p>\n\n\n\n<p><strong>Desesperaci\u00f3n<\/strong><\/p>\n\n\n\n<p>&#8220;Solicitamos esta reuni\u00f3n casi en situaci\u00f3n de\ndesesperaci\u00f3n, cuando sucedi\u00f3 algo que jam\u00e1s pens\u00e1bamos volver a ver: nuestros\nproductores regalando su cosecha en la Plaza de Mayo. Para peor, hubo tres\ncuadras de cola de gente que fue a buscar un poco de fruta. Todo un signo de\n\u00e9poca&#8221;, explic\u00f3 Urribarri.<\/p>\n\n\n\n<p>&#8220;Ahora, con Cristina ya lanzada como candidata a la\nvicepresidencia y con grandes chances de definir junto a Alberto Fern\u00e1ndez los\ndestinos del pa\u00eds, desde la Casa Rosada a partir de diciembre, el encuentro\ncobr\u00f3 a\u00fan m\u00e1s relevancia. Nos acompa\u00f1aron el intendente de Concordia, Enrique\nCresto; el ex ministro de Producci\u00f3n, Roberto Schunk; y legisladores de nuestra\nprovincia. Pudimos hablar de las necesidades actuales, pero tambi\u00e9n esbozar\nplanes a futuro&#8221;, coment\u00f3 el ex gobernador respecto de la reuni\u00f3n.<\/p>\n\n\n\n<p><strong>Los datos de la\ncrisis<\/strong><\/p>\n\n\n\n<p>Durante el encuentro, Urribarri plante\u00f3 los principales\nproblemas del sector citr\u00edcola as\u00ed como tambi\u00e9n de las actividades arrocera y\nap\u00edcola, otras de las principales econom\u00edas regionales de Entre R\u00edos. <\/p>\n\n\n\n<p>En el sector ap\u00edcola, en los \u00faltimos tres a\u00f1os y medio se\npas\u00f3 de 3.500 a 2.500 productores, y de 700 mil colmenas a 400 mil. Del mismo\nmodo, en el sector arrocero, los peque\u00f1os y medianos productores pasaron de ser\n250 a 100, a lo que se sumaron retenciones a la exportaci\u00f3n de entre un 12 y 15\npor ciento, lo cual contrasta con el 5 por ciento que aplicaba la gesti\u00f3n\nanterior y que adem\u00e1s se compensaba.<\/p>\n\n\n\n<p><strong>El sector citr\u00edcola<\/strong><\/p>\n\n\n\n<p>&#8220;En el caso de la citricultura, sector en el que\ntrabajan m\u00e1s de 100 mil personas, existe la necesidad de complementar con un\npaquete de medidas la emergencia declarada, que resulta insuficiente, ya que\nsolo faculta al Poder Ejecutivo a postergar vencimientos. Respecto de la\nactividad arrocera, no se ha logrado todav\u00eda la declaraci\u00f3n de\nemergencia&#8221;, describi\u00f3 el ex gobernador.<\/p>\n\n\n\n<p><strong>Pol\u00edticas de fomento<\/strong><\/p>\n\n\n\n<p>Luego, advirti\u00f3 que se precisa avanzar con pol\u00edticas de\nfomento para la exportaci\u00f3n, en la constituci\u00f3n de un fondo, que permita hacer\nfrente a situaciones de gravedad como la actual y en poner en marcha acciones\nque aporten transparencia a ambas cadenas de producci\u00f3n. &#8220;Hay que\ndilucidar c\u00f3mo es que los 4 pesos por kilo que reciben los productores\ncitr\u00edcolas se convierten en 80 pesos en la g\u00f3ndola, sin ning\u00fan tipo de valor\nagregado mediante&#8221;, ejemplific\u00f3, antes de marcar la necesidad de armonizar\nlos plexos normativos nacional y provincial.<\/p>\n\n\n\n<p>Por \u00faltimo, mencion\u00f3 que &#8220;los altos costos, la\ndesbordada presi\u00f3n impositiva, un mercado interno deprimido y los elevados\nprecios de la energ\u00eda&#8221; son algunas de las causas que llevaron a que, en el\ncaso del citrus, las exportaciones cayeran un 4 por ciento luego de haber\ncrecido un 20 por ciento entre 2011 y 2015, y en el caso del arroz, la\nsuperficie sembrada se haya reducido en la \u00faltima campa\u00f1a a menos de 60 mil\nhect\u00e1reas, siendo la m\u00e1s baja de los \u00faltimos 19 a\u00f1os.<\/p>\n\n\n\n<p>Enrique Cresto, en tanto intendente de la capital del\ncitrus, describi\u00f3 la situaci\u00f3n de esa actividad productiva en la ciudad y el\nimpacto socio econ\u00f3mico que supone. En este sentido, manifest\u00f3 la necesidad de\navanzar en un proyecto de ley de envasado en origen en la medida en que\npotenciar\u00eda fuertemente el desarrollo del sector y la consiguiente generaci\u00f3n\nde empleo.<\/p>\n\n\n\n<p><strong>Enorme receptividad<\/strong><\/p>\n\n\n\n<p>&#8220;Como era de esperar, logramos una enorme receptividad\npor parte de Cristina, que conoce perfectamente la realidad de nuestra\nprovincia. Ella formul\u00f3 una serie de consultas y qued\u00f3 establecida una agenda\ncom\u00fan en la que ya comenzamos a trabajar&#8221;, resumi\u00f3 Urribarri al t\u00e9rmino\ndel encuentro.<\/p>\n\n\n\n<p>Participaron de la reuni\u00f3n el presidente del bloque FpV-PJ,\nMarcelo Fuentes, y la senadora nacional Mar\u00eda de los \u00c1ngeles Sacnun, miembro de\nla Comisi\u00f3n de Agricultura de la c\u00e1mara alta nacional. La delegaci\u00f3n\nentrerriana estuvo integrada tambi\u00e9n diputados provinciales miembros de la\nComisi\u00f3n de Legislaci\u00f3n Agraria, del Trabajo, Producci\u00f3n y Econom\u00edas Regionales\nde la c\u00e1mara baja.<\/p>\n","protected":false},"excerpt":{"rendered":"<p>Cristina recibi\u00f3 al presidente de la C\u00e1mara de Diputados de Entre R\u00edos. Ella &#8220;formul\u00f3 una serie de consultas y qued\u00f3 establecida una agenda com\u00fan en la que ya comenzamos a trabajar&#8221;, resumi\u00f3 Urribarri La candidata a vicepresidenta del Frente de Todos, Cristina Kirchner, comparti\u00f3 una actividad en el Senado, junto al presidente de la C\u00e1mara de Diputados de Entre R\u00edos, Sergio Urribarri. El encuentro con Urribarri dur\u00f3 dos horas, y participaron tambi\u00e9n legisladores, intendentes y productores del sector citr\u00edcola de la provincia de Entre R\u00edos, que vienen padeciendo la crisis&#8230;<\/p>\n","protected":false},"author":3,"featured_media":46923,"comment_status":"closed","ping_status":"closed","sticky":false,"template":"","format":"standard","meta":[],"categories":[15],"tags":[],"_links":{"self":[{"href":"https:\/\/www.actualidadadiario.com\/index.php\/wp-json\/wp\/v2\/posts\/46922"}],"collection":[{"href":"https:\/\/www.actualidadadiario.com\/index.php\/wp-json\/wp\/v2\/posts"}],"about":[{"href":"https:\/\/www.actualidadadiario.com\/index.php\/wp-json\/wp\/v2\/types\/post"}],"author":[{"embeddable":true,"href":"https:\/\/www.actualidadadiario.com\/index.php\/wp-json\/wp\/v2\/users\/3"}],"replies":[{"embeddable":true,"href":"https:\/\/www.actualidadadiario.com\/index.php\/wp-json\/wp\/v2\/comments?post=46922"}],"version-history":[{"count":1,"href":"https:\/\/www.actualidadadiario.com\/index.php\/wp-json\/wp\/v2\/posts\/46922\/revisions"}],"predecessor-version":[{"id":46924,"href":"https:\/\/www.actualidadadiario.com\/index.php\/wp-json\/wp\/v2\/posts\/46922\/revisions\/46924"}],"wp:featuredmedia":[{"embeddable":true,"href":"https:\/\/www.actualidadadiario.com\/index.php\/wp-json\/wp\/v2\/media\/46923"}],"wp:attachment":[{"href":"https:\/\/www.actualidadadiario.com\/index.php\/wp-json\/wp\/v2\/media?parent=46922"}],"wp:term":[{"taxonomy":"category","embeddable":true,"href":"https:\/\/www.actualidadadiario.com\/index.php\/wp-json\/wp\/v2\/categories?post=46922"},{"taxonomy":"post_tag","embeddable":true,"href":"https:\/\/www.actualidadadiario.com\/index.php\/wp-json\/wp\/v2\/tags?post=46922"}],"curies":[{"name":"wp","href":"https:\/\/api.w.org\/{rel}","templated":true}]}}