{"id":46920,"date":"2019-06-25T10:24:06","date_gmt":"2019-06-25T13:24:06","guid":{"rendered":"https:\/\/www.actualidadadiario.com\/?p=46920"},"modified":"2019-06-25T10:24:06","modified_gmt":"2019-06-25T13:24:06","slug":"llamado-a-concurso-para-autoridades-del-tribunal-de-cuentas-de-la-provincia","status":"publish","type":"post","link":"https:\/\/www.actualidadadiario.com\/index.php\/2019\/06\/25\/llamado-a-concurso-para-autoridades-del-tribunal-de-cuentas-de-la-provincia\/","title":{"rendered":"Llamado a concurso para autoridades del Tribunal de Cuentas de la provincia"},"content":{"rendered":"\n<p><strong><em>El gobierno de Entre R\u00edos llama a Concursos P\u00fablicos de Antecedentes y Oposici\u00f3n, para cubrir cargos de autoridades del Tribunal de Cuentas de la provincia. Se trata de los cargos de Presidente, fiscales de cuentas y un vocal. Las inscripciones estar\u00e1n abiertas desde el 18 de julio al 7 de agosto<\/em><\/strong><\/p>\n\n\n\n<p><\/p>\n\n\n\n<p><\/p>\n\n\n\n<p>En el marco del Decreto 1447\/19 MGJ, el Gobierno de Entre\nR\u00edos realizar\u00e1 cuatro concursos p\u00fablicos: El concurso N\u00ba1 para el Cargo de\nPresidente (Abogado) del Tribunal de Cuentas de la Provincia de Entre R\u00edos; el\nConcurso N\u00ba 2 para cubrir dos Cargos de Fiscal de Cuentas N\u00ba 1 y N\u00ba 2\n(Abogados); el Concurso N\u00ba 3 para cubrir un cargo de Vocal (Contador P\u00fablico) y\nel Concurso N\u00ba 4 para cubrir el cargo de Fiscal de Cuentas N\u00ba 3 (Contador\nP\u00fablico) del Tribunal de Cuentas de la provincia de Entre R\u00edos.<\/p>\n\n\n\n<p>\u201cEl Tribunal de Cuentas es uno de los \u00f3rganos de control\nprevio y posterior de los actos del funcionario p\u00fablico y sobre todo de la\ninversi\u00f3n de los fondos p\u00fablicos. Por lo tanto, es de vital importancia poner\nen pr\u00e1ctica la nueva Constituci\u00f3n y la Ley que estableci\u00f3 las formas en c\u00f3mo se\ndebe concursar tanto la presidencia, la vocal\u00eda y fiscal\u00edas de ese \u00f3rgano de\ncontrol\u201d, sostuvo al respecto, la Ministra de Gobierno y Justicia, Rosario\nRomero.<\/p>\n\n\n\n<p>\u201cEs un \u00f3rgano que reviste much\u00edsima importancia sobre cuyas\nconclusiones se asientan muchos fallos judiciales inclusive, as\u00ed que el hecho\nde tenerlo concursado, de que se acceda all\u00ed con una compulsa de antecedentes y\noposici\u00f3n, hace a la jerarquizaci\u00f3n del orden constitucional y por primera vez\nse va a poner en pr\u00e1ctica tal metodolog\u00eda en la provincia de Entre R\u00edos. Es un\nlogro de calidad de gesti\u00f3n, por eso es de vital relevancia que se concursen\nestos cargos y que se acceda a los mismos por el concurso que previ\u00f3 la Constituci\u00f3n\nde 2008\u201d, enfatiz\u00f3 Romero.<\/p>\n\n\n\n<p>La documentaci\u00f3n habilitante y los formularios de\ninscripci\u00f3n se recibir\u00e1n desde el 18 de julio al 7 de agosto, en los horarios\nde 8 a 12, en la sede del Consejo de la Magistratura, ubicada en calle Alameda\nde la Federaci\u00f3n 471 de Paran\u00e1. La misma deber\u00e1 ser presentada en una carpeta\nde papel con copia debidamente certificada. <\/p>\n","protected":false},"excerpt":{"rendered":"<p>El gobierno de Entre R\u00edos llama a Concursos P\u00fablicos de Antecedentes y Oposici\u00f3n, para cubrir cargos de autoridades del Tribunal de Cuentas de la provincia. Se trata de los cargos de Presidente, fiscales de cuentas y un vocal. Las inscripciones estar\u00e1n abiertas desde el 18 de julio al 7 de agosto En el marco del Decreto 1447\/19 MGJ, el Gobierno de Entre R\u00edos realizar\u00e1 cuatro concursos p\u00fablicos: El concurso N\u00ba1 para el Cargo de Presidente (Abogado) del Tribunal de Cuentas de la Provincia de Entre R\u00edos; el Concurso N\u00ba 2&#8230;<\/p>\n","protected":false},"author":3,"featured_media":46669,"comment_status":"closed","ping_status":"closed","sticky":false,"template":"","format":"standard","meta":[],"categories":[15],"tags":[],"_links":{"self":[{"href":"https:\/\/www.actualidadadiario.com\/index.php\/wp-json\/wp\/v2\/posts\/46920"}],"collection":[{"href":"https:\/\/www.actualidadadiario.com\/index.php\/wp-json\/wp\/v2\/posts"}],"about":[{"href":"https:\/\/www.actualidadadiario.com\/index.php\/wp-json\/wp\/v2\/types\/post"}],"author":[{"embeddable":true,"href":"https:\/\/www.actualidadadiario.com\/index.php\/wp-json\/wp\/v2\/users\/3"}],"replies":[{"embeddable":true,"href":"https:\/\/www.actualidadadiario.com\/index.php\/wp-json\/wp\/v2\/comments?post=46920"}],"version-history":[{"count":1,"href":"https:\/\/www.actualidadadiario.com\/index.php\/wp-json\/wp\/v2\/posts\/46920\/revisions"}],"predecessor-version":[{"id":46921,"href":"https:\/\/www.actualidadadiario.com\/index.php\/wp-json\/wp\/v2\/posts\/46920\/revisions\/46921"}],"wp:featuredmedia":[{"embeddable":true,"href":"https:\/\/www.actualidadadiario.com\/index.php\/wp-json\/wp\/v2\/media\/46669"}],"wp:attachment":[{"href":"https:\/\/www.actualidadadiario.com\/index.php\/wp-json\/wp\/v2\/media?parent=46920"}],"wp:term":[{"taxonomy":"category","embeddable":true,"href":"https:\/\/www.actualidadadiario.com\/index.php\/wp-json\/wp\/v2\/categories?post=46920"},{"taxonomy":"post_tag","embeddable":true,"href":"https:\/\/www.actualidadadiario.com\/index.php\/wp-json\/wp\/v2\/tags?post=46920"}],"curies":[{"name":"wp","href":"https:\/\/api.w.org\/{rel}","templated":true}]}}