{"id":46905,"date":"2019-06-24T10:45:00","date_gmt":"2019-06-24T13:45:00","guid":{"rendered":"https:\/\/www.actualidadadiario.com\/?p=46905"},"modified":"2019-06-24T10:45:00","modified_gmt":"2019-06-24T13:45:00","slug":"la-corte-brasilena-trata-manana-un-habeas-corpus-en-favor-de-lula-da-silva","status":"publish","type":"post","link":"https:\/\/www.actualidadadiario.com\/index.php\/2019\/06\/24\/la-corte-brasilena-trata-manana-un-habeas-corpus-en-favor-de-lula-da-silva\/","title":{"rendered":"La Corte brasile\u00f1a trata ma\u00f1ana un habeas corpus en favor de Lula da Silva"},"content":{"rendered":"\n<p><strong><em>El Tribunal comenz\u00f3 el debate el 11 de junio, cuando se revelaron filtraciones que comprometen al actual ministro Moro. La fiscal general ya se mostr\u00f3 contraria a liberar al ex presidente<\/em><\/strong><\/p>\n\n\n\n<p><\/p>\n\n\n\n<p><\/p>\n\n\n\n<p>Una nueva y para nada inocente controversia en el Poder\nJudicial brasile\u00f1o podr\u00eda servir de excusa para trabar la liberaci\u00f3n de Lula da\nSilva en el debate que el Tribunal Supremo de Justicia (TSJ) de ese pa\u00eds\nmantendr\u00e1 este martes para tratar un pedido de la defensa del expresidente,\ndetenido desde abril del a\u00f1o pasado en Curitiba. El debate de los magistrados\nser\u00e1 la continuaci\u00f3n del que iniciaron el 11 de junio para analizar el pedido\nde habeas corpus de los letrados, que consideran que el exdirigente sindical no\npudo disponer de todos sus derechos a la defensa y fue v\u00edctima de una suerte de\npersecuci\u00f3n del juez Sergio Moro, cuando fue condenado por casos de presunta\ncorrupci\u00f3n en la compra de un departamento tr\u00edplex que le atribuyen en\nGuarulhos y del que no hay pruebas de que le pertenezca.<\/p>\n\n\n\n<p>En el medio, aparecieron las filtraciones publicadas por el\nportal The Incercept en que se muestra la forma en que el entonces juez, actual\nministro de Justicia de Jair Bolsonaro, manipul\u00f3, junto con el fiscal Deltan\nDallagnol, para procesar, detener y proscribir a Lula de la elecci\u00f3n\npresidencial del a\u00f1o pasado.<\/p>\n\n\n\n<p>De all\u00ed se tom\u00f3 la fiscal general de Brasil, Raquel Dodge,\npara enviar un pronunciamiento al TSJ, oponi\u00e9ndose a una anulaci\u00f3n de la\ncondena a Lula basada en las filtraciones del Lava Jato, alegando que hay\n&#8220;fundada duda jur\u00eddica&#8221; sobre las informaciones divulgadas por el\nsitio creado por el periodista estadounidense Glenn Greenwald.&nbsp; <\/p>\n\n\n\n<p>Es cierto que la defensa del exmandatario quiere usar esos\nelementos para demostrar que el magistrado no debi\u00f3 seguir adelante con el\nproceso y que por tanto la condena debe ser anulada. Tambi\u00e9n que uno de los\ntogados, el supremo Gilmar Mendes, declar\u00f3 que el contenido de las filtraciones\nrevelan &#8220;un hecho muy grave&#8221; que amerita ser investigado. Y tambi\u00e9n\nque fue Mendes quien en diciembre habilit\u00f3 el debate para el pedido de habeas\ncorpus.<\/p>\n\n\n\n<p>Pero los abogados se\u00f1alaron &#8220;al contrario de lo\nafirmado por la ilustre procuradora general de la Rep\u00fablica en manifestaci\u00f3n\nprotocolada este viernes, el habeas corpus N\u00ba 164.493 en favor del expresidente\nLuiz Inacio Lula da Silva el 05\/11\/2018 y que est\u00e1 en la pauta para tratarse en\npr\u00f3ximo d\u00eda 25 no est\u00e1 amparado en los reportajes divulgados por The\nIntercept&#8221;.<\/p>\n\n\n\n<p>Los defensores recuerdan que el reclamo comenz\u00f3 a ser\ntratado por la Corte el 4 de diciembre pasado &#8220;mucho antes de los\nreportajes de The Incercept&#8221;, aunque aportan pruebas de que Moro\n&#8220;siempre mostr\u00f3 inter\u00e9s en la conducci\u00f3n del proceso y en su\ndesenlace&#8221;.<\/p>\n\n\n\n<p>Argumentan que el ahora ministro bolsonarista autoriz\u00f3\nescuchas &#8220;las l\u00edneas principales de nuestro despacho para que Lava Jato\npudiese acompa\u00f1ar en tiempo real la estrategia de la defensa de Lula; actu\u00f3\nfuera de sus atribuciones legales para impedir el cumplimiento de la orden de\nliberaci\u00f3n emitida por el juez de segunda instancia Rogerio Favreto (en julio\npasado) y divulg\u00f3 actos procesales que estaban bajo secreto para interferir en\nlas elecciones presidenciales de 2018. A esto agregan que la aceptaci\u00f3n del\ncargo de ministro tras declarar que Lula &#8220;se debe pudrir en la\nc\u00e1rcel&#8221;. <\/p>\n","protected":false},"excerpt":{"rendered":"<p>El Tribunal comenz\u00f3 el debate el 11 de junio, cuando se revelaron filtraciones que comprometen al actual ministro Moro. La fiscal general ya se mostr\u00f3 contraria a liberar al ex presidente Una nueva y para nada inocente controversia en el Poder Judicial brasile\u00f1o podr\u00eda servir de excusa para trabar la liberaci\u00f3n de Lula da Silva en el debate que el Tribunal Supremo de Justicia (TSJ) de ese pa\u00eds mantendr\u00e1 este martes para tratar un pedido de la defensa del expresidente, detenido desde abril del a\u00f1o pasado en Curitiba. El debate&#8230;<\/p>\n","protected":false},"author":3,"featured_media":45437,"comment_status":"closed","ping_status":"closed","sticky":false,"template":"","format":"standard","meta":[],"categories":[4],"tags":[],"_links":{"self":[{"href":"https:\/\/www.actualidadadiario.com\/index.php\/wp-json\/wp\/v2\/posts\/46905"}],"collection":[{"href":"https:\/\/www.actualidadadiario.com\/index.php\/wp-json\/wp\/v2\/posts"}],"about":[{"href":"https:\/\/www.actualidadadiario.com\/index.php\/wp-json\/wp\/v2\/types\/post"}],"author":[{"embeddable":true,"href":"https:\/\/www.actualidadadiario.com\/index.php\/wp-json\/wp\/v2\/users\/3"}],"replies":[{"embeddable":true,"href":"https:\/\/www.actualidadadiario.com\/index.php\/wp-json\/wp\/v2\/comments?post=46905"}],"version-history":[{"count":1,"href":"https:\/\/www.actualidadadiario.com\/index.php\/wp-json\/wp\/v2\/posts\/46905\/revisions"}],"predecessor-version":[{"id":46906,"href":"https:\/\/www.actualidadadiario.com\/index.php\/wp-json\/wp\/v2\/posts\/46905\/revisions\/46906"}],"wp:featuredmedia":[{"embeddable":true,"href":"https:\/\/www.actualidadadiario.com\/index.php\/wp-json\/wp\/v2\/media\/45437"}],"wp:attachment":[{"href":"https:\/\/www.actualidadadiario.com\/index.php\/wp-json\/wp\/v2\/media?parent=46905"}],"wp:term":[{"taxonomy":"category","embeddable":true,"href":"https:\/\/www.actualidadadiario.com\/index.php\/wp-json\/wp\/v2\/categories?post=46905"},{"taxonomy":"post_tag","embeddable":true,"href":"https:\/\/www.actualidadadiario.com\/index.php\/wp-json\/wp\/v2\/tags?post=46905"}],"curies":[{"name":"wp","href":"https:\/\/api.w.org\/{rel}","templated":true}]}}