{"id":4685,"date":"2016-11-17T09:42:18","date_gmt":"2016-11-17T12:42:18","guid":{"rendered":"http:\/\/actualidadadiario.com\/site\/?p=4685"},"modified":"2016-11-17T09:42:18","modified_gmt":"2016-11-17T12:42:18","slug":"dramatica-caida-de-la-industria-73","status":"publish","type":"post","link":"https:\/\/www.actualidadadiario.com\/index.php\/2016\/11\/17\/dramatica-caida-de-la-industria-73\/","title":{"rendered":"Dram\u00e1tica ca\u00edda de la industria: 7,3%"},"content":{"rendered":"<p><em><strong>Para los empresarios, la zozobra del mercado brasile\u00f1o y las condiciones locales no generan todav\u00eda perspectivas de optimismo<\/strong><\/em><\/p>\n<p>&nbsp;<\/p>\n<p>&nbsp;<\/p>\n<p>&nbsp;<\/p>\n<p>&nbsp;<\/p>\n<p>&nbsp;<\/p>\n<p>La actividad industrial en Buenos Aires se derrumb\u00f3 un 7,3% anual en septiembre y acumul\u00f3 as\u00ed una baja del 4,7% en lo que va de 2016, y el sector sostiene que las perspectivas de corto plazo &#8220;no son alentadoras&#8221;.<\/p>\n<p>&nbsp;<\/p>\n<p>As\u00ed lo inform\u00f3 la Federaci\u00f3n Econ\u00f3mica de la Provincia de Buenos Aires (FEBA) en su relevamiento mensual, en el que adem\u00e1s se\u00f1al\u00f3 que la recesi\u00f3n afect\u00f3 a casi todos los sectores.<\/p>\n<p>&nbsp;<\/p>\n<p>El informe da cuenta de la compleja situaci\u00f3n que atraviesa la industria manufacturera, en general, y la bonaerense, en particular.<\/p>\n<p>&nbsp;<\/p>\n<p>En ese contexto, el ingreso de productos importados, la suba de los costos salariales, de log\u00edstica y transporte, y la apreciaci\u00f3n del tipo de cambio no contribuyen a la recuperaci\u00f3n de la actividad.<\/p>\n<p>&nbsp;<\/p>\n<p>La industria s\u00f3lo mostr\u00f3 un dato positivo en enero y desde entonces no ha parado de caer, en un contexto de recesi\u00f3n econ\u00f3mica que afecta a todo el pa\u00eds por la ca\u00edda del consumo y el estancamiento de las exportaciones.<\/p>\n<p>&nbsp;<\/p>\n<p>La actividad de las industrias met\u00e1licas b\u00e1sicas se desplom\u00f3 un 23,1%; las f\u00e1bricas de automotores redujeron su producci\u00f3n en un 22,5%; y el sector de ediciones e impresiones se contrajo 16,2%.<\/p>\n<p>&nbsp;<\/p>\n<p>La industria textil cay\u00f3 un 12,15% anual; caucho y pl\u00e1stico bajaron el 11%; y la metalmec\u00e1nica el 10,9%.<\/p>\n<p>&nbsp;<\/p>\n<p>La \u00fanica excepci\u00f3n fue el segmento de sustancias y productos qu\u00edmicos, que registr\u00f3 un incremento interanual del 1,4%. La utilizaci\u00f3n de la capacidad instalada revela menores niveles en todas las actividades industriales en septiembre y los casos de la industria automotriz y la metalmec\u00e1nica aparecen como &#8220;fuertes se\u00f1ales de alerta que ponen en riesgo miles de puestos de trabajo&#8221;, dijo FEBA.<\/p>\n<p>&nbsp;<\/p>\n<p>En agosto, el Consumo El\u00e9ctrico Industrial Bonaerense volvi\u00f3 a mostrar una nueva contracci\u00f3n interanual del 7,9%, en comparaci\u00f3n con 2015. Desde marzo, este indicador muestra ca\u00eddas consecutivas, alcanzado una retracci\u00f3n acumulada en los primeros ocho meses del a\u00f1o del orden del 4,2%, con relaci\u00f3n con 2015.<\/p>\n<p>&nbsp;<\/p>\n<p>Las ventas al exterior durante los primeros nueve meses del a\u00f1o registraron una ca\u00edda acumulada interanual del 6,5%, alcanzando los u$s13.679 M.<\/p>\n<p>&nbsp;<\/p>\n<p>En este contexto, la dif\u00edcil situaci\u00f3n que atraviesa la econom\u00eda brasile\u00f1a, que contin\u00faa sin advertir se\u00f1ales de recuperaci\u00f3n, aumenta la preocupaci\u00f3n sobre el futuro en el mercado externo, principalmente en el complejo automotriz y el sider\u00fargico.<\/p>\n","protected":false},"excerpt":{"rendered":"<p>Para los empresarios, la zozobra del mercado brasile\u00f1o y las condiciones locales no generan todav\u00eda perspectivas de optimismo &nbsp; &nbsp; &nbsp; &nbsp; &nbsp; La actividad industrial en Buenos Aires se derrumb\u00f3 un 7,3% anual en septiembre y acumul\u00f3 as\u00ed una baja del 4,7% en lo que va de 2016, y el sector sostiene que las perspectivas de corto plazo &#8220;no son alentadoras&#8221;. &nbsp; As\u00ed lo inform\u00f3 la Federaci\u00f3n Econ\u00f3mica de la Provincia de Buenos Aires (FEBA) en su relevamiento mensual, en el que adem\u00e1s se\u00f1al\u00f3 que la recesi\u00f3n afect\u00f3 a&#8230;<\/p>\n","protected":false},"author":3,"featured_media":4686,"comment_status":"closed","ping_status":"closed","sticky":false,"template":"","format":"standard","meta":[],"categories":[9],"tags":[],"_links":{"self":[{"href":"https:\/\/www.actualidadadiario.com\/index.php\/wp-json\/wp\/v2\/posts\/4685"}],"collection":[{"href":"https:\/\/www.actualidadadiario.com\/index.php\/wp-json\/wp\/v2\/posts"}],"about":[{"href":"https:\/\/www.actualidadadiario.com\/index.php\/wp-json\/wp\/v2\/types\/post"}],"author":[{"embeddable":true,"href":"https:\/\/www.actualidadadiario.com\/index.php\/wp-json\/wp\/v2\/users\/3"}],"replies":[{"embeddable":true,"href":"https:\/\/www.actualidadadiario.com\/index.php\/wp-json\/wp\/v2\/comments?post=4685"}],"version-history":[{"count":1,"href":"https:\/\/www.actualidadadiario.com\/index.php\/wp-json\/wp\/v2\/posts\/4685\/revisions"}],"predecessor-version":[{"id":4687,"href":"https:\/\/www.actualidadadiario.com\/index.php\/wp-json\/wp\/v2\/posts\/4685\/revisions\/4687"}],"wp:featuredmedia":[{"embeddable":true,"href":"https:\/\/www.actualidadadiario.com\/index.php\/wp-json\/wp\/v2\/media\/4686"}],"wp:attachment":[{"href":"https:\/\/www.actualidadadiario.com\/index.php\/wp-json\/wp\/v2\/media?parent=4685"}],"wp:term":[{"taxonomy":"category","embeddable":true,"href":"https:\/\/www.actualidadadiario.com\/index.php\/wp-json\/wp\/v2\/categories?post=4685"},{"taxonomy":"post_tag","embeddable":true,"href":"https:\/\/www.actualidadadiario.com\/index.php\/wp-json\/wp\/v2\/tags?post=4685"}],"curies":[{"name":"wp","href":"https:\/\/api.w.org\/{rel}","templated":true}]}}