{"id":4682,"date":"2016-11-17T09:41:31","date_gmt":"2016-11-17T12:41:31","guid":{"rendered":"http:\/\/actualidadadiario.com\/site\/?p=4682"},"modified":"2016-11-17T09:41:31","modified_gmt":"2016-11-17T12:41:31","slug":"casacion-anulo-la-prision-domiciliaria-concedida-a-etchecolatz","status":"publish","type":"post","link":"https:\/\/www.actualidadadiario.com\/index.php\/2016\/11\/17\/casacion-anulo-la-prision-domiciliaria-concedida-a-etchecolatz\/","title":{"rendered":"Casaci\u00f3n anul\u00f3 la prisi\u00f3n domiciliaria concedida a Etchecolatz"},"content":{"rendered":"<p><em><strong>La C\u00e1mara Federal de Casaci\u00f3n, m\u00e1ximo tribunal penal del pa\u00eds, anul\u00f3 la prisi\u00f3n domiciliaria del condenado exjefe policial bonaerense Miguel Etchecolatz concedida por un Tribunal porte\u00f1o, al ordenar que se dicte una nueva resoluci\u00f3n tomando en cuenta informes m\u00e9dicos de peritos oficiales, y la posici\u00f3n contraria de la fiscal\u00eda a otorgar ese beneficio<\/strong><\/em><\/p>\n<p>&nbsp;<\/p>\n<p>&nbsp;<\/p>\n<p>&nbsp;<\/p>\n<p>&nbsp;<\/p>\n<p>&nbsp;<\/p>\n<p>&nbsp;<\/p>\n<p>&nbsp;<\/p>\n<p>La decisi\u00f3n anul\u00f3 as\u00ed un fallo de la Sala I de la C\u00e1mara Federal porte\u00f1a, que en agosto pasado concedi\u00f3 a Etchecolatz el arresto domiciliario por razones de salud, en una causa por delitos de lesa humanidad que se tramita en el \u00e1mbito federal, seg\u00fan el fallo firmado por mayor\u00eda de los camaristas Mariano Borinsky y Gustavo Hornos.<\/p>\n<p>&nbsp;<\/p>\n<p>El tercer miembro de la sala de Casaci\u00f3n, Juan Carlos Gemignani, vot\u00f3 en disidencia, al pronunciarse en favor de ratificar la prisi\u00f3n domiciliaria al condenado.<\/p>\n<p>&nbsp;<\/p>\n<p>Etchecolatz est\u00e1 detenido tambi\u00e9n a disposici\u00f3n de la Justicia de La Plata, donde hay recursos pendientes de resoluci\u00f3n sobre sus pedidos para obtener la prisi\u00f3n domiciliaria.<\/p>\n<p>&nbsp;<\/p>\n<p>En el \u00e1mbito de la Justicia de la ciudad de Buenos Aires, la fiscal\u00eda apel\u00f3 la decisi\u00f3n de concederle el beneficio, porque los camaristas que lo hicieron no habr\u00edan tomado en cuenta &#8220;la opini\u00f3n de peritos expertos del Cuerpo M\u00e9dico Forense e incluso los de parte que, en este incidente y tambi\u00e9n en el de La Plata, sostuvieron que las patolog\u00edas que presenta Etchecolatz pueden ser tratadas dentro de la unidad de detenci\u00f3n donde se aloja&#8221;.<\/p>\n<p>&nbsp;<\/p>\n<p>Ante esto, los jueces de la instancia superior, Casaci\u00f3n, entendieron que &#8220;no puede soslayarse que la decisi\u00f3n adoptada reconoce como \u00fanico basamento f\u00e1ctico el informe m\u00e9dico de galenos que asisten cotidianamente a Miguel Osvaldo Etchecolatz, aportado por su defensa p\u00fablica&#8221;, seg\u00fan el fallo al que accedi\u00f3 T\u00e9lam.<\/p>\n<p>&nbsp;<\/p>\n<p>Adem\u00e1s, remarcaron que la C\u00e1mara Federal no convoc\u00f3 &#8220;adecuadamente&#8221; a la fiscal\u00eda a la audiencia oral donde se escuch\u00f3 a la defensa del represor antes de decidir, ya que se le inform\u00f3 el d\u00eda pero no la hora de ese tr\u00e1mite.<\/p>\n<p>&nbsp;<\/p>\n<p>Tambi\u00e9n, remarcaron que no tuvieron en cuenta un dictamen de peritos del Cuerpo M\u00e9dico Forense contrario al de los m\u00e9dicos de la defensa, con lo cual la decisi\u00f3n de concederle el beneficio &#8220;se apart\u00f3 decisivamente de la doctrina&#8221;.<\/p>\n<p>&nbsp;<\/p>\n<p>En el fallo se record\u00f3 que &#8220;se encuentra comprometida la responsabilidad internacional del Estado argentino de garantizar la efectiva investigaci\u00f3n&#8221;.<\/p>\n<p>&nbsp;<\/p>\n<p>El 31 de agosto pasado, el Ministerio P\u00fablico Fiscal de La Plata hab\u00eda interpuesto un recurso ante la C\u00e1mara de Casaci\u00f3n contra las resoluciones dictadas en dos causas por el Tribunal Oral en lo Criminal Federal 1, que favorecieron al represor con prisi\u00f3n domiciliaria.<\/p>\n<p>&nbsp;<\/p>\n<p>En ese recurso, los fiscales Marcelo Molina y Hern\u00e1n Schapiro, y el fiscal ad hoc Juan Mart\u00edn Nogueira hab\u00edan objetado la decisi\u00f3n del tribunal, basada en que el recluso ten\u00eda m\u00e1s de 70 a\u00f1os y en un informe de m\u00e9dicos penitenciarios sospechado de tener datos fraguados.<\/p>\n<p>&nbsp;<\/p>\n<p>La presentaci\u00f3n de los fiscales hab\u00eda sido realizada en el marco de la causa unificada en la que se investigan cr\u00edmenes cometidos en los centros clandestinos de detenci\u00f3n que funcionaron en las brigadas de Banfield y Quilmes, por la que Etchecolatz debe ser juzgado en juicio oral, y en el expediente sobre la red represiva de la capital provincial, denominada judicialmente &#8220;Circuito Camps&#8221;, en la que Etchecolatz fue condenado a prisi\u00f3n perpetua en el 2012.<\/p>\n","protected":false},"excerpt":{"rendered":"<p>La C\u00e1mara Federal de Casaci\u00f3n, m\u00e1ximo tribunal penal del pa\u00eds, anul\u00f3 la prisi\u00f3n domiciliaria del condenado exjefe policial bonaerense Miguel Etchecolatz concedida por un Tribunal porte\u00f1o, al ordenar que se dicte una nueva resoluci\u00f3n tomando en cuenta informes m\u00e9dicos de peritos oficiales, y la posici\u00f3n contraria de la fiscal\u00eda a otorgar ese beneficio &nbsp; &nbsp; &nbsp; &nbsp; &nbsp; &nbsp; &nbsp; La decisi\u00f3n anul\u00f3 as\u00ed un fallo de la Sala I de la C\u00e1mara Federal porte\u00f1a, que en agosto pasado concedi\u00f3 a Etchecolatz el arresto domiciliario por razones de salud, en&#8230;<\/p>\n","protected":false},"author":3,"featured_media":4683,"comment_status":"closed","ping_status":"closed","sticky":false,"template":"","format":"standard","meta":[],"categories":[4],"tags":[],"_links":{"self":[{"href":"https:\/\/www.actualidadadiario.com\/index.php\/wp-json\/wp\/v2\/posts\/4682"}],"collection":[{"href":"https:\/\/www.actualidadadiario.com\/index.php\/wp-json\/wp\/v2\/posts"}],"about":[{"href":"https:\/\/www.actualidadadiario.com\/index.php\/wp-json\/wp\/v2\/types\/post"}],"author":[{"embeddable":true,"href":"https:\/\/www.actualidadadiario.com\/index.php\/wp-json\/wp\/v2\/users\/3"}],"replies":[{"embeddable":true,"href":"https:\/\/www.actualidadadiario.com\/index.php\/wp-json\/wp\/v2\/comments?post=4682"}],"version-history":[{"count":1,"href":"https:\/\/www.actualidadadiario.com\/index.php\/wp-json\/wp\/v2\/posts\/4682\/revisions"}],"predecessor-version":[{"id":4684,"href":"https:\/\/www.actualidadadiario.com\/index.php\/wp-json\/wp\/v2\/posts\/4682\/revisions\/4684"}],"wp:featuredmedia":[{"embeddable":true,"href":"https:\/\/www.actualidadadiario.com\/index.php\/wp-json\/wp\/v2\/media\/4683"}],"wp:attachment":[{"href":"https:\/\/www.actualidadadiario.com\/index.php\/wp-json\/wp\/v2\/media?parent=4682"}],"wp:term":[{"taxonomy":"category","embeddable":true,"href":"https:\/\/www.actualidadadiario.com\/index.php\/wp-json\/wp\/v2\/categories?post=4682"},{"taxonomy":"post_tag","embeddable":true,"href":"https:\/\/www.actualidadadiario.com\/index.php\/wp-json\/wp\/v2\/tags?post=4682"}],"curies":[{"name":"wp","href":"https:\/\/api.w.org\/{rel}","templated":true}]}}