{"id":4673,"date":"2016-11-17T09:38:35","date_gmt":"2016-11-17T12:38:35","guid":{"rendered":"http:\/\/actualidadadiario.com\/site\/?p=4673"},"modified":"2016-11-17T09:38:35","modified_gmt":"2016-11-17T12:38:35","slug":"crece-la-tension-en-rio-ante-una-posible-rebelion-policial-temer-envia-tropas-federales","status":"publish","type":"post","link":"https:\/\/www.actualidadadiario.com\/index.php\/2016\/11\/17\/crece-la-tension-en-rio-ante-una-posible-rebelion-policial-temer-envia-tropas-federales\/","title":{"rendered":"Crece la tensi\u00f3n en R\u00edo: ante una posible rebeli\u00f3n policial, Temer env\u00eda tropas federales"},"content":{"rendered":"<p><em><strong>El presidente brasile\u00f1o, Michel Temer, orden\u00f3 el env\u00edo de tropas federales a R\u00edo de Janeiro ante la virtual insubordinaci\u00f3n de la polic\u00eda carioca que la semana pasada invadi\u00f3 la Asamblea Legislativa<\/strong><\/em><\/p>\n<p>&nbsp;<\/p>\n<p>&nbsp;<\/p>\n<p>&nbsp;<\/p>\n<p>&nbsp;<\/p>\n<p>&nbsp;<\/p>\n<p>&nbsp;<\/p>\n<p>&nbsp;<\/p>\n<p>Efectivos federales comenzaron a ocupar puntos del centro carioca para garantizar el orden p\u00fablico ante la amenaza de nuevos actos de protesta por parte de polic\u00edas que se oponen, igual que otros empleados p\u00fablicos, al plan de ajuste.<\/p>\n<p>&nbsp;<\/p>\n<p>El gobernador de R\u00edo de Janeiro, Fernando Pezao, reconoci\u00f3 que el estado se torn\u00f3 &#8220;pr\u00e1cticamente ingobernable&#8221; y sugiri\u00f3 a Temer que ordene la intervenci\u00f3n federal.<\/p>\n<p>&nbsp;<\/p>\n<p>Pezao dijo carecer de &#8220;los medios e instrumentos necesarios para garantizar la preservaci\u00f3n de la seguridad p\u00fablica, y la integridad de las personas y del patrimonio&#8221;.<\/p>\n<p>&nbsp;<\/p>\n<p>El gobierno de Pezao dio de baja al comandante del Batall\u00f3n de Choque de Grandes Eventos, coronel Rodrigo Sanglard, acusado de permitir que los manifestantes, en su mayor\u00eda polic\u00edas, invadan y destruyan despachos de la Asamblea Legislativa.<\/p>\n<p>&nbsp;<\/p>\n<p>Los miembros de la Fuerza Nacional de Seguridad permanecer\u00e1n en R\u00edo por lo menos durante 15 d\u00edas, mientras se debata en la Asamblea Legislativa, el paquete de medidas econ\u00f3micas de emergencia, inform\u00f3 hoy el sitio de noticias UOL.<\/p>\n<p>&nbsp;<\/p>\n<p>Sindicatos de polic\u00edas, profesores, m\u00e9dicos y otros empleados del estado convocaron a una concentraci\u00f3n frente a la Asamblea que fue rodeada por un fuerte cord\u00f3n de seguridad.<\/p>\n","protected":false},"excerpt":{"rendered":"<p>El presidente brasile\u00f1o, Michel Temer, orden\u00f3 el env\u00edo de tropas federales a R\u00edo de Janeiro ante la virtual insubordinaci\u00f3n de la polic\u00eda carioca que la semana pasada invadi\u00f3 la Asamblea Legislativa &nbsp; &nbsp; &nbsp; &nbsp; &nbsp; &nbsp; &nbsp; Efectivos federales comenzaron a ocupar puntos del centro carioca para garantizar el orden p\u00fablico ante la amenaza de nuevos actos de protesta por parte de polic\u00edas que se oponen, igual que otros empleados p\u00fablicos, al plan de ajuste. &nbsp; El gobernador de R\u00edo de Janeiro, Fernando Pezao, reconoci\u00f3 que el estado se&#8230;<\/p>\n","protected":false},"author":3,"featured_media":4674,"comment_status":"closed","ping_status":"closed","sticky":false,"template":"","format":"standard","meta":[],"categories":[4],"tags":[],"_links":{"self":[{"href":"https:\/\/www.actualidadadiario.com\/index.php\/wp-json\/wp\/v2\/posts\/4673"}],"collection":[{"href":"https:\/\/www.actualidadadiario.com\/index.php\/wp-json\/wp\/v2\/posts"}],"about":[{"href":"https:\/\/www.actualidadadiario.com\/index.php\/wp-json\/wp\/v2\/types\/post"}],"author":[{"embeddable":true,"href":"https:\/\/www.actualidadadiario.com\/index.php\/wp-json\/wp\/v2\/users\/3"}],"replies":[{"embeddable":true,"href":"https:\/\/www.actualidadadiario.com\/index.php\/wp-json\/wp\/v2\/comments?post=4673"}],"version-history":[{"count":1,"href":"https:\/\/www.actualidadadiario.com\/index.php\/wp-json\/wp\/v2\/posts\/4673\/revisions"}],"predecessor-version":[{"id":4675,"href":"https:\/\/www.actualidadadiario.com\/index.php\/wp-json\/wp\/v2\/posts\/4673\/revisions\/4675"}],"wp:featuredmedia":[{"embeddable":true,"href":"https:\/\/www.actualidadadiario.com\/index.php\/wp-json\/wp\/v2\/media\/4674"}],"wp:attachment":[{"href":"https:\/\/www.actualidadadiario.com\/index.php\/wp-json\/wp\/v2\/media?parent=4673"}],"wp:term":[{"taxonomy":"category","embeddable":true,"href":"https:\/\/www.actualidadadiario.com\/index.php\/wp-json\/wp\/v2\/categories?post=4673"},{"taxonomy":"post_tag","embeddable":true,"href":"https:\/\/www.actualidadadiario.com\/index.php\/wp-json\/wp\/v2\/tags?post=4673"}],"curies":[{"name":"wp","href":"https:\/\/api.w.org\/{rel}","templated":true}]}}