{"id":4670,"date":"2016-11-17T09:37:42","date_gmt":"2016-11-17T12:37:42","guid":{"rendered":"http:\/\/actualidadadiario.com\/site\/?p=4670"},"modified":"2016-11-17T09:37:42","modified_gmt":"2016-11-17T12:37:42","slug":"se-aprobo-en-el-senado-la-ley-de-emergencia-social-el-gobierno-no-descarta-vetarla","status":"publish","type":"post","link":"https:\/\/www.actualidadadiario.com\/index.php\/2016\/11\/17\/se-aprobo-en-el-senado-la-ley-de-emergencia-social-el-gobierno-no-descarta-vetarla\/","title":{"rendered":"Se aprob\u00f3 en el Senado la ley de Emergencia Social: el Gobierno no descarta vetarla"},"content":{"rendered":"<p><em><strong>Con dos tercios de los votos, el proyecto pasa a Diputados, donde el oficialismo tratar\u00e1 de congelarlo<\/strong><\/em><\/p>\n<p>&nbsp;<\/p>\n<p>&nbsp;<\/p>\n<p>&nbsp;<\/p>\n<p>&nbsp;<\/p>\n<p>&nbsp;<\/p>\n<p>El proyecto de ley que declara la Emergencia Social por un a\u00f1o obtuvo media sanci\u00f3n en el Senado por una amplia mayor\u00eda. A pesar de eso, desde el Gobierno ya deslizaron la posibilidad de que Macri vete el proyecto, como ya lo hizo con la ley antidespidos.<\/p>\n<p>&nbsp;<\/p>\n<p>En total, fueron 45 votos a favor y solo 13 en contra del proyecto presentado por el senador del FpV Juan Manuel Abal Medina. El mismo establece un incremento del 15% para jubilaciones, planes sociales y Asignaci\u00f3n universal por Hijo y por embarazo para paliar el incremento de la inflaci\u00f3n, como as\u00ed tambi\u00e9n la creaci\u00f3n de un mill\u00f3n de puestos de trabajo a trav\u00e9s del Programa Solidario de Ingreso Social con Trabajo.<\/p>\n<p>&nbsp;<\/p>\n<p>Sin embargo, el ministro de Modernizaci\u00f3n, Andr\u00e9s Ibarra, no descart\u00f3 que el presidente Mauricio Macri vete la ley de emergencia social en caso de que resulte sancionada por el Congreso antes de fin de a\u00f1o y sostuvo que el Gobierno seguir\u00e1 de cerca el tratamiento parlamentario de la iniciativa.<\/p>\n<p>&nbsp;<\/p>\n<p>&#8220;Veremos c\u00f3mo sigue la evoluci\u00f3n de este tratamiento y las \u00e1reas espec\u00edficas en el tema ser\u00e1n las que asesorar\u00e1n, propondr\u00e1n y luego se ver\u00e1 en conjunto en el Gabinete social cu\u00e1les son los caminos a tomar por parte del Gobierno&#8221;, se\u00f1al\u00f3 Ibarra en conferencia de prensa al ser consultado acerca de un eventual veto de Macri, tal como lo hizo en mayo pasado con la emergencia laboral, que prohib\u00eda los despidos por 180 d\u00edas y establec\u00eda la doble indemnizaci\u00f3n.<\/p>\n<p>&nbsp;<\/p>\n<p>Incre\u00edblemente, el funcionario nacional recalc\u00f3 que &#8220;el Gobierno ha tomado un mont\u00f3n de medidas en esta materia&#8221;, para beneficiar a los sectores sociales con mayores necesidades y mostr\u00f3 desacuerdo con la iniciativa aprobada este mi\u00e9rcoles por el Senado.<\/p>\n<p>&nbsp;<\/p>\n<p>El proyecto fue rechazado en la C\u00e1mara Alta por el interbloque oficialista Cambiemos bajo el argumento de que no contempla el financiamiento de las medidas que se proponen.<\/p>\n","protected":false},"excerpt":{"rendered":"<p>Con dos tercios de los votos, el proyecto pasa a Diputados, donde el oficialismo tratar\u00e1 de congelarlo &nbsp; &nbsp; &nbsp; &nbsp; &nbsp; El proyecto de ley que declara la Emergencia Social por un a\u00f1o obtuvo media sanci\u00f3n en el Senado por una amplia mayor\u00eda. A pesar de eso, desde el Gobierno ya deslizaron la posibilidad de que Macri vete el proyecto, como ya lo hizo con la ley antidespidos. &nbsp; En total, fueron 45 votos a favor y solo 13 en contra del proyecto presentado por el senador del FpV&#8230;<\/p>\n","protected":false},"author":3,"featured_media":4671,"comment_status":"closed","ping_status":"closed","sticky":false,"template":"","format":"standard","meta":[],"categories":[18],"tags":[],"_links":{"self":[{"href":"https:\/\/www.actualidadadiario.com\/index.php\/wp-json\/wp\/v2\/posts\/4670"}],"collection":[{"href":"https:\/\/www.actualidadadiario.com\/index.php\/wp-json\/wp\/v2\/posts"}],"about":[{"href":"https:\/\/www.actualidadadiario.com\/index.php\/wp-json\/wp\/v2\/types\/post"}],"author":[{"embeddable":true,"href":"https:\/\/www.actualidadadiario.com\/index.php\/wp-json\/wp\/v2\/users\/3"}],"replies":[{"embeddable":true,"href":"https:\/\/www.actualidadadiario.com\/index.php\/wp-json\/wp\/v2\/comments?post=4670"}],"version-history":[{"count":1,"href":"https:\/\/www.actualidadadiario.com\/index.php\/wp-json\/wp\/v2\/posts\/4670\/revisions"}],"predecessor-version":[{"id":4672,"href":"https:\/\/www.actualidadadiario.com\/index.php\/wp-json\/wp\/v2\/posts\/4670\/revisions\/4672"}],"wp:featuredmedia":[{"embeddable":true,"href":"https:\/\/www.actualidadadiario.com\/index.php\/wp-json\/wp\/v2\/media\/4671"}],"wp:attachment":[{"href":"https:\/\/www.actualidadadiario.com\/index.php\/wp-json\/wp\/v2\/media?parent=4670"}],"wp:term":[{"taxonomy":"category","embeddable":true,"href":"https:\/\/www.actualidadadiario.com\/index.php\/wp-json\/wp\/v2\/categories?post=4670"},{"taxonomy":"post_tag","embeddable":true,"href":"https:\/\/www.actualidadadiario.com\/index.php\/wp-json\/wp\/v2\/tags?post=4670"}],"curies":[{"name":"wp","href":"https:\/\/api.w.org\/{rel}","templated":true}]}}