{"id":4667,"date":"2016-11-17T09:36:33","date_gmt":"2016-11-17T12:36:33","guid":{"rendered":"http:\/\/actualidadadiario.com\/site\/?p=4667"},"modified":"2016-11-17T09:36:33","modified_gmt":"2016-11-17T12:36:33","slug":"ya-es-ley-la-privatizacion-de-la-obra-publica","status":"publish","type":"post","link":"https:\/\/www.actualidadadiario.com\/index.php\/2016\/11\/17\/ya-es-ley-la-privatizacion-de-la-obra-publica\/","title":{"rendered":"Ya es ley la privatizaci\u00f3n de la obra p\u00fablica"},"content":{"rendered":"<p><em><strong>El Senado aprob\u00f3 la norma sobre la participaci\u00f3n p\u00fablico-privada en obras de infraestructura<\/strong><\/em><\/p>\n<p>&nbsp;<\/p>\n<p>&nbsp;<\/p>\n<p>&nbsp;<\/p>\n<p>&nbsp;<\/p>\n<p>El Senado aprob\u00f3 hoy con 43 votos a favor y 15 en contra la ley que establece un r\u00e9gimen de participaci\u00f3n p\u00fablico privada para desarrollar obras de infraestructura. La nueva normativa privatiza la obra p\u00fablica.<\/p>\n<p>&nbsp;<\/p>\n<p>La C\u00e1mara Alta acept\u00f3 las modificaciones que le hizo Diputados al proyecto enviado por el Poder Ejecutivo y lo aprob\u00f3 en segunda revisi\u00f3n. Los 15 votos en contra correspondieron a una parte del PJ-FPV y a Fernando &#8220;Pino&#8221; Solanas, de Proyecto Sur, mientras que Mario Pais, tambi\u00e9n del PJ-FPV, y Lucila Crexell, del Interbloque Federal, se abstuvieron.<\/p>\n<p>&nbsp;<\/p>\n<p>La nueva ley establece un r\u00e9gimen para fomentar la inversi\u00f3n de compa\u00f1\u00edas privadas en obras de infraestructura de gran envergadura en sociedad con el Estado y fija para ello una serie de obligaciones, sanciones por incumplimiento y formas de ejecuci\u00f3n.<\/p>\n<p>La norma garantiza tambi\u00e9n las ganancias para los empresarios que operen con esta modalidad, ya que el Estado les habilitar\u00e1 a que operen la concesi\u00f3n de la obra terminada por un m\u00ednimo de 30 a\u00f1os.<\/p>\n<p>&nbsp;<\/p>\n<p>Adem\u00e1s, permite que las empresas en las que el Estado nacional, las provincias o los municipios tengan participaci\u00f3n &#8220;tambi\u00e9n puedan ser contratistas&#8221;, en competencia con las de capital privado.<\/p>\n<p>&nbsp;<\/p>\n<p>El proyecto hab\u00eda sido modificado por el Senado pero Diputados le hizo nuevos cambios, entre los que se destaca un agregado que fija que los contratos deber\u00e1n contemplar un 33% de participaci\u00f3n de bienes y servicios de origen nacional. La sanci\u00f3n de esta ley hab\u00eda sido pedida por el Gobierno, que considera que funcionar\u00e1 como herramienta para atraer inversiones.<\/p>\n","protected":false},"excerpt":{"rendered":"<p>El Senado aprob\u00f3 la norma sobre la participaci\u00f3n p\u00fablico-privada en obras de infraestructura &nbsp; &nbsp; &nbsp; &nbsp; El Senado aprob\u00f3 hoy con 43 votos a favor y 15 en contra la ley que establece un r\u00e9gimen de participaci\u00f3n p\u00fablico privada para desarrollar obras de infraestructura. La nueva normativa privatiza la obra p\u00fablica. &nbsp; La C\u00e1mara Alta acept\u00f3 las modificaciones que le hizo Diputados al proyecto enviado por el Poder Ejecutivo y lo aprob\u00f3 en segunda revisi\u00f3n. Los 15 votos en contra correspondieron a una parte del PJ-FPV y a Fernando&#8230;<\/p>\n","protected":false},"author":3,"featured_media":4668,"comment_status":"closed","ping_status":"closed","sticky":false,"template":"","format":"standard","meta":[],"categories":[9],"tags":[],"_links":{"self":[{"href":"https:\/\/www.actualidadadiario.com\/index.php\/wp-json\/wp\/v2\/posts\/4667"}],"collection":[{"href":"https:\/\/www.actualidadadiario.com\/index.php\/wp-json\/wp\/v2\/posts"}],"about":[{"href":"https:\/\/www.actualidadadiario.com\/index.php\/wp-json\/wp\/v2\/types\/post"}],"author":[{"embeddable":true,"href":"https:\/\/www.actualidadadiario.com\/index.php\/wp-json\/wp\/v2\/users\/3"}],"replies":[{"embeddable":true,"href":"https:\/\/www.actualidadadiario.com\/index.php\/wp-json\/wp\/v2\/comments?post=4667"}],"version-history":[{"count":1,"href":"https:\/\/www.actualidadadiario.com\/index.php\/wp-json\/wp\/v2\/posts\/4667\/revisions"}],"predecessor-version":[{"id":4669,"href":"https:\/\/www.actualidadadiario.com\/index.php\/wp-json\/wp\/v2\/posts\/4667\/revisions\/4669"}],"wp:featuredmedia":[{"embeddable":true,"href":"https:\/\/www.actualidadadiario.com\/index.php\/wp-json\/wp\/v2\/media\/4668"}],"wp:attachment":[{"href":"https:\/\/www.actualidadadiario.com\/index.php\/wp-json\/wp\/v2\/media?parent=4667"}],"wp:term":[{"taxonomy":"category","embeddable":true,"href":"https:\/\/www.actualidadadiario.com\/index.php\/wp-json\/wp\/v2\/categories?post=4667"},{"taxonomy":"post_tag","embeddable":true,"href":"https:\/\/www.actualidadadiario.com\/index.php\/wp-json\/wp\/v2\/tags?post=4667"}],"curies":[{"name":"wp","href":"https:\/\/api.w.org\/{rel}","templated":true}]}}