{"id":46608,"date":"2019-06-18T10:11:13","date_gmt":"2019-06-18T13:11:13","guid":{"rendered":"https:\/\/www.actualidadadiario.com\/?p=46608"},"modified":"2019-06-18T10:11:13","modified_gmt":"2019-06-18T13:11:13","slug":"rodenas-nosotros-no-vamos-a-traicionar","status":"publish","type":"post","link":"https:\/\/www.actualidadadiario.com\/index.php\/2019\/06\/18\/rodenas-nosotros-no-vamos-a-traicionar\/","title":{"rendered":"Rodenas: &#8220;Nosotros no vamos a traicionar&#8221;"},"content":{"rendered":"\n<p><strong><em>La vicegobernadora electa de Santa Fe, Alejandra Rodenas, asegur\u00f3 que &#8220;no hay ninguna posibilidad&#8221; de que su espacio se aleje del peronismo a nivel nacional<\/em><\/strong><\/p>\n\n\n\n<p><\/p>\n\n\n\n<p><\/p>\n\n\n\n<p>&#8220;Eso lo descarto completamente porque nosotros somos\nparte del di\u00e1logo del Partido Justicialista y no podr\u00edamos traicionar la\nvoluntad de nuestros electores de ese modo&#8221;, resalt\u00f3 en declaraciones a FM\nLa Patriada.<\/p>\n\n\n\n<p>Por otra parte, Rodenas explic\u00f3 que &#8220;todav\u00eda no est\u00e1\ndecidido&#8221; a qu\u00e9 candidato presidencial va a apoyar en los pr\u00f3ximos\ncomicios de octubre, pero asegur\u00f3 que se va a &#8220;enfocar en un proyecto de\nunidad que est\u00e1 en marcha&#8221;.<\/p>\n\n\n\n<p>Al referirse al triunfo de su lista en las elecciones\nprovinciales, la actual diputada opin\u00f3 que &#8220;obedecen a un proceso de de\nconstrucci\u00f3n colectiva, de unidad, que viene d\u00e1ndose en Santa Fe desde el\n2017&#8221; y del que ella fue &#8220;parte&#8221;. La pr\u00f3xima vicegobernadora\nconsider\u00f3 que &#8221; Cambiemos va agotando sus propuestas&#8221; y que &#8220;por\neso qued\u00f3 en un c\u00f3modo tercer lugar&#8221; en las elecciones locales. Adem\u00e1s,\ndesestim\u00f3 un acercamiento entre su futura administraci\u00f3n y Miguel Pichetto.<\/p>\n","protected":false},"excerpt":{"rendered":"<p>La vicegobernadora electa de Santa Fe, Alejandra Rodenas, asegur\u00f3 que &#8220;no hay ninguna posibilidad&#8221; de que su espacio se aleje del peronismo a nivel nacional &#8220;Eso lo descarto completamente porque nosotros somos parte del di\u00e1logo del Partido Justicialista y no podr\u00edamos traicionar la voluntad de nuestros electores de ese modo&#8221;, resalt\u00f3 en declaraciones a FM La Patriada. Por otra parte, Rodenas explic\u00f3 que &#8220;todav\u00eda no est\u00e1 decidido&#8221; a qu\u00e9 candidato presidencial va a apoyar en los pr\u00f3ximos comicios de octubre, pero asegur\u00f3 que se va a &#8220;enfocar en un proyecto&#8230;<\/p>\n","protected":false},"author":3,"featured_media":46609,"comment_status":"closed","ping_status":"closed","sticky":false,"template":"","format":"standard","meta":[],"categories":[18],"tags":[],"_links":{"self":[{"href":"https:\/\/www.actualidadadiario.com\/index.php\/wp-json\/wp\/v2\/posts\/46608"}],"collection":[{"href":"https:\/\/www.actualidadadiario.com\/index.php\/wp-json\/wp\/v2\/posts"}],"about":[{"href":"https:\/\/www.actualidadadiario.com\/index.php\/wp-json\/wp\/v2\/types\/post"}],"author":[{"embeddable":true,"href":"https:\/\/www.actualidadadiario.com\/index.php\/wp-json\/wp\/v2\/users\/3"}],"replies":[{"embeddable":true,"href":"https:\/\/www.actualidadadiario.com\/index.php\/wp-json\/wp\/v2\/comments?post=46608"}],"version-history":[{"count":1,"href":"https:\/\/www.actualidadadiario.com\/index.php\/wp-json\/wp\/v2\/posts\/46608\/revisions"}],"predecessor-version":[{"id":46610,"href":"https:\/\/www.actualidadadiario.com\/index.php\/wp-json\/wp\/v2\/posts\/46608\/revisions\/46610"}],"wp:featuredmedia":[{"embeddable":true,"href":"https:\/\/www.actualidadadiario.com\/index.php\/wp-json\/wp\/v2\/media\/46609"}],"wp:attachment":[{"href":"https:\/\/www.actualidadadiario.com\/index.php\/wp-json\/wp\/v2\/media?parent=46608"}],"wp:term":[{"taxonomy":"category","embeddable":true,"href":"https:\/\/www.actualidadadiario.com\/index.php\/wp-json\/wp\/v2\/categories?post=46608"},{"taxonomy":"post_tag","embeddable":true,"href":"https:\/\/www.actualidadadiario.com\/index.php\/wp-json\/wp\/v2\/tags?post=46608"}],"curies":[{"name":"wp","href":"https:\/\/api.w.org\/{rel}","templated":true}]}}