{"id":46605,"date":"2019-06-18T10:10:35","date_gmt":"2019-06-18T13:10:35","guid":{"rendered":"https:\/\/www.actualidadadiario.com\/?p=46605"},"modified":"2019-06-18T10:10:35","modified_gmt":"2019-06-18T13:10:35","slug":"lavagna-y-urtubey-estrenaron-la-formula-y-tuvieron-su-primera-foto","status":"publish","type":"post","link":"https:\/\/www.actualidadadiario.com\/index.php\/2019\/06\/18\/lavagna-y-urtubey-estrenaron-la-formula-y-tuvieron-su-primera-foto\/","title":{"rendered":"Lavagna y Urtubey estrenaron la f\u00f3rmula y tuvieron su primera foto"},"content":{"rendered":"\n<p><strong><em>El ex ministro de Econom\u00eda y el gobernador salte\u00f1o participaron del desfile que se realiz\u00f3 en homenaje al General Mart\u00edn Miguel de G\u00fcemes. Habr\u00e1 reuniones y una conferencia de prensa<\/em><\/strong><\/p>\n\n\n\n<p><\/p>\n\n\n\n<p><\/p>\n\n\n\n<p>Tras el cierre de listas, la f\u00f3rmula presidencial de\nConsenso Federal tuvo su primera foto en Salta, a donde el economista Roberto\nLavagna viaj\u00f3 para participar junto al gobernador Juan Manuel Urtubey del acto\nhomenaje al General G\u00fcemes en el 198\u00b0 aniversario de su fallecimiento.<\/p>\n\n\n\n<p>Lavagna lleg\u00f3 cerca del mediod\u00eda para sumarse al acto que se\ncelebr\u00f3 en el Monumento al h\u00e9roe. Desde el palco oficial, el economista y el\nmandatario provincial compartieron el desfile de gauchos juntos.<\/p>\n\n\n\n<p>El precandidato presidencial lleg\u00f3 acompa\u00f1ado por su hijo,\nMarcos Lavagna, Graciela Cama\u00f1o y el dirigente Miguel Saredi de La Matanza.\nTambi\u00e9n viajaron los legisladores nacionales Rodolfo Urtubey y Pablo Kosiner. <\/p>\n\n\n\n<p>Luego de almorzar, la f\u00f3rmula presidencial dar\u00e1 una\nconferencia de prensa en la residencia de Fincas Las Costas y continuar\u00e1n con\nuna serie de reuniones.<\/p>\n","protected":false},"excerpt":{"rendered":"<p>El ex ministro de Econom\u00eda y el gobernador salte\u00f1o participaron del desfile que se realiz\u00f3 en homenaje al General Mart\u00edn Miguel de G\u00fcemes. Habr\u00e1 reuniones y una conferencia de prensa Tras el cierre de listas, la f\u00f3rmula presidencial de Consenso Federal tuvo su primera foto en Salta, a donde el economista Roberto Lavagna viaj\u00f3 para participar junto al gobernador Juan Manuel Urtubey del acto homenaje al General G\u00fcemes en el 198\u00b0 aniversario de su fallecimiento. Lavagna lleg\u00f3 cerca del mediod\u00eda para sumarse al acto que se celebr\u00f3 en el Monumento&#8230;<\/p>\n","protected":false},"author":3,"featured_media":46606,"comment_status":"closed","ping_status":"closed","sticky":false,"template":"","format":"standard","meta":[],"categories":[18],"tags":[],"_links":{"self":[{"href":"https:\/\/www.actualidadadiario.com\/index.php\/wp-json\/wp\/v2\/posts\/46605"}],"collection":[{"href":"https:\/\/www.actualidadadiario.com\/index.php\/wp-json\/wp\/v2\/posts"}],"about":[{"href":"https:\/\/www.actualidadadiario.com\/index.php\/wp-json\/wp\/v2\/types\/post"}],"author":[{"embeddable":true,"href":"https:\/\/www.actualidadadiario.com\/index.php\/wp-json\/wp\/v2\/users\/3"}],"replies":[{"embeddable":true,"href":"https:\/\/www.actualidadadiario.com\/index.php\/wp-json\/wp\/v2\/comments?post=46605"}],"version-history":[{"count":1,"href":"https:\/\/www.actualidadadiario.com\/index.php\/wp-json\/wp\/v2\/posts\/46605\/revisions"}],"predecessor-version":[{"id":46607,"href":"https:\/\/www.actualidadadiario.com\/index.php\/wp-json\/wp\/v2\/posts\/46605\/revisions\/46607"}],"wp:featuredmedia":[{"embeddable":true,"href":"https:\/\/www.actualidadadiario.com\/index.php\/wp-json\/wp\/v2\/media\/46606"}],"wp:attachment":[{"href":"https:\/\/www.actualidadadiario.com\/index.php\/wp-json\/wp\/v2\/media?parent=46605"}],"wp:term":[{"taxonomy":"category","embeddable":true,"href":"https:\/\/www.actualidadadiario.com\/index.php\/wp-json\/wp\/v2\/categories?post=46605"},{"taxonomy":"post_tag","embeddable":true,"href":"https:\/\/www.actualidadadiario.com\/index.php\/wp-json\/wp\/v2\/tags?post=46605"}],"curies":[{"name":"wp","href":"https:\/\/api.w.org\/{rel}","templated":true}]}}