{"id":46603,"date":"2019-06-18T10:09:43","date_gmt":"2019-06-18T13:09:43","guid":{"rendered":"https:\/\/www.actualidadadiario.com\/?p=46603"},"modified":"2019-06-18T10:09:43","modified_gmt":"2019-06-18T13:09:43","slug":"el-indec-difunde-durante-esta-semana-datos-claves-sobre-la-situacion-economica","status":"publish","type":"post","link":"https:\/\/www.actualidadadiario.com\/index.php\/2019\/06\/18\/el-indec-difunde-durante-esta-semana-datos-claves-sobre-la-situacion-economica\/","title":{"rendered":"El Indec difunde durante esta semana datos claves sobre la situaci\u00f3n econ\u00f3mica"},"content":{"rendered":"\n<p><strong><em>El Instituto Nacional de Estad\u00edstica y Censos (Indec) difundir\u00e1 esta semana una serie de datos clave que incluyen desde la evoluci\u00f3n de los precios, los niveles de pobreza y la marcha de la actividad econ\u00f3mica, con un conjunto de indicadores que resultar\u00e1n determinantes para analistas y el mercado<\/em><\/strong><\/p>\n\n\n\n<p><\/p>\n\n\n\n<p><\/p>\n\n\n\n<p>Hoy el organismo estad\u00edstico revelar\u00e1 el incremento en los\nprecios mayoristas y el costo de la construcci\u00f3n en la ciudad de Buenos Aires. <\/p>\n\n\n\n<p>Respecto de los precios mayoristas, se espera que la\ntendencia del incremento en este segmento tienda a disminuir respecto de los\nmeses anteriores, debido a la menor incidencia de bienes importados.<\/p>\n\n\n\n<p>Al mismo tiempo, se difundir\u00e1 el Costo de la Canasta B\u00e1sica\nAlimentaria y la Canasta B\u00e1sica Total, con los que se determinan las l\u00edneas de\nindigencia y de pobreza.<\/p>\n\n\n\n<p>El Gobierno intentar\u00e1 instalar que la recesi\u00f3n termin\u00f3, ya\nque estas cifras resultan determinantes y han adquirido una especial dimensi\u00f3n\na partir de los altos niveles de inflaci\u00f3n registrados en el \u00faltimo a\u00f1o,\npublic\u00f3 la agencia T\u00e9lam.<\/p>\n\n\n\n<p>En el segundo semestre de 2018, un 32% por ciento de la\npoblaci\u00f3n se encontraba por debajo de la l\u00ednea de pobreza, seg\u00fan los datos\nrelevados por el Indec.<\/p>\n\n\n\n<p>El mi\u00e9rcoles se conocer\u00e1n los datos de la evoluci\u00f3n del\nProducto Bruto Interno (PBI) durante el primer trimestre del a\u00f1o, que seg\u00fan sus\nc\u00e1lculos preliminares alcanz\u00f3 una baja del 5,7% interanual.<\/p>\n\n\n\n<p>El Indec calcul\u00f3 ese nivel de baja en mayo, cuando difundi\u00f3\nlos datos del Estimador Mensual de la Actividad Econ\u00f3mica (EMAE), que re\u00fane\nvarios de los sectores componentes del PBI.<\/p>\n\n\n\n<p>Sin embargo, la recesi\u00f3n no termin\u00f3 y la actividad est\u00e1 en\nel punto m\u00e1s bajo de la era Cambiemos.<\/p>\n\n\n\n<p>El ministro de Producci\u00f3n y Trabajo, Dante Sica, dio cuenta\nque durante el tercer mes del a\u00f1o se contabilizaron un poco m\u00e1s de 12,07\nmillones de trabajadores registrados en el pa\u00eds, lo que represent\u00f3 una ca\u00edda de\n0,3% respecto a febrero y una retracci\u00f3n de 2,2% en relaci\u00f3n al mismo mes de\n2018.<\/p>\n\n\n\n<p>Sica asegur\u00f3 que &#8220;el peor momento de la crisis ya pas\u00f3,\nestamos entrando en la etapa en la que empezamos a ver signos de\nrecuperaci\u00f3n&#8221; y confirm\u00f3 que &#8220;al mismo momento en el que mueren\nempresas, nacen otras&#8221;. <\/p>\n\n\n\n<p>Sin embargo, advirti\u00f3 que &#8220;hay que trabajar sobre\naquellas que est\u00e1n teniendo problemas&#8221;.<\/p>\n\n\n\n<p>Por eso, asegur\u00f3 que uno de los grandes objetivos a los que\napunta el Gobierno es el de &#8220;recuperar el dinamismo de la creaci\u00f3n de\nempleo y brindar un panorama de certidumbre econ\u00f3mica&#8221;. <\/p>\n\n\n\n<p>En ese sentido, dijo que &#8220;una econom\u00eda estable y una\nmejora en los costos competitivos va a dar una expectativa y perspectiva de\ncrecimiento&#8221;.<\/p>\n\n\n\n<p>&#8220;Tener econom\u00edas que cada tres a\u00f1os quiebran te llevan\na s\u00faper devaluaciones, ca\u00eddas o recesiones importantes e impiden que un\nempresario pueda crecer. Lo \u00fanico que hace es mantenerse y buscar la forma de\nganarle a la crisis&#8221;, agreg\u00f3 el ministro de Producci\u00f3n y Trabajo.<\/p>\n\n\n\n<p>El EMAE acumul\u00f3 una baja de 5,7% en el primer trimestre del\na\u00f1o.<\/p>\n\n\n\n<p>Todos los rubros econ\u00f3micos cerraron con bajas interanuales,\nsalvo Agricultura y Ganader\u00eda, que aument\u00f3 10,8% interanual; Ense\u00f1anza, 1% y Servicios\nSociales y Salud, 0,2%.<\/p>\n\n\n\n<p>En el primer trimestre, la suba de 10,8% interanual en el\nsector agropecuario estuvo impulsada por la cosecha de trigo, que finaliz\u00f3 con\nuna producci\u00f3n r\u00e9cord de 19 millones de toneladas.<\/p>\n","protected":false},"excerpt":{"rendered":"<p>El Instituto Nacional de Estad\u00edstica y Censos (Indec) difundir\u00e1 esta semana una serie de datos clave que incluyen desde la evoluci\u00f3n de los precios, los niveles de pobreza y la marcha de la actividad econ\u00f3mica, con un conjunto de indicadores que resultar\u00e1n determinantes para analistas y el mercado Hoy el organismo estad\u00edstico revelar\u00e1 el incremento en los precios mayoristas y el costo de la construcci\u00f3n en la ciudad de Buenos Aires. Respecto de los precios mayoristas, se espera que la tendencia del incremento en este segmento tienda a disminuir respecto&#8230;<\/p>\n","protected":false},"author":3,"featured_media":10912,"comment_status":"closed","ping_status":"closed","sticky":false,"template":"","format":"standard","meta":[],"categories":[2],"tags":[],"_links":{"self":[{"href":"https:\/\/www.actualidadadiario.com\/index.php\/wp-json\/wp\/v2\/posts\/46603"}],"collection":[{"href":"https:\/\/www.actualidadadiario.com\/index.php\/wp-json\/wp\/v2\/posts"}],"about":[{"href":"https:\/\/www.actualidadadiario.com\/index.php\/wp-json\/wp\/v2\/types\/post"}],"author":[{"embeddable":true,"href":"https:\/\/www.actualidadadiario.com\/index.php\/wp-json\/wp\/v2\/users\/3"}],"replies":[{"embeddable":true,"href":"https:\/\/www.actualidadadiario.com\/index.php\/wp-json\/wp\/v2\/comments?post=46603"}],"version-history":[{"count":1,"href":"https:\/\/www.actualidadadiario.com\/index.php\/wp-json\/wp\/v2\/posts\/46603\/revisions"}],"predecessor-version":[{"id":46604,"href":"https:\/\/www.actualidadadiario.com\/index.php\/wp-json\/wp\/v2\/posts\/46603\/revisions\/46604"}],"wp:featuredmedia":[{"embeddable":true,"href":"https:\/\/www.actualidadadiario.com\/index.php\/wp-json\/wp\/v2\/media\/10912"}],"wp:attachment":[{"href":"https:\/\/www.actualidadadiario.com\/index.php\/wp-json\/wp\/v2\/media?parent=46603"}],"wp:term":[{"taxonomy":"category","embeddable":true,"href":"https:\/\/www.actualidadadiario.com\/index.php\/wp-json\/wp\/v2\/categories?post=46603"},{"taxonomy":"post_tag","embeddable":true,"href":"https:\/\/www.actualidadadiario.com\/index.php\/wp-json\/wp\/v2\/tags?post=46603"}],"curies":[{"name":"wp","href":"https:\/\/api.w.org\/{rel}","templated":true}]}}