{"id":46595,"date":"2019-06-18T10:05:51","date_gmt":"2019-06-18T13:05:51","guid":{"rendered":"https:\/\/www.actualidadadiario.com\/?p=46595"},"modified":"2019-06-18T10:05:51","modified_gmt":"2019-06-18T13:05:51","slug":"el-apagon-historico-tendra-un-costo-para-el-estado-de-35-millones-de-dolares","status":"publish","type":"post","link":"https:\/\/www.actualidadadiario.com\/index.php\/2019\/06\/18\/el-apagon-historico-tendra-un-costo-para-el-estado-de-35-millones-de-dolares\/","title":{"rendered":"El apag\u00f3n hist\u00f3rico tendr\u00e1 un costo para el Estado de 3,5 millones de d\u00f3lares"},"content":{"rendered":"\n<p><strong><em>&#8220;El 20% de ese total lo pagan de manera directa los grandes usuarios, no los residenciales, y el 80% lo paga el Estado como variaci\u00f3n de subsidios&#8221;, explicaron desde Energ\u00eda<\/em><\/strong><\/p>\n\n\n\n<p><\/p>\n\n\n\n<p><\/p>\n\n\n\n<p>La Secretar\u00eda de Energ\u00eda todav\u00eda no identific\u00f3 todav\u00eda el\norigen espec\u00edfico de la falla que ocasion\u00f3 el mega corte del suministro\nel\u00e9ctrico, que dej\u00f3 a un pa\u00eds entero -salvo Tierra del Fuego- sin luz, pero ya\nse tomaron medidas precautorias que ocasionar\u00e1n un costo de 3,5 millones de d\u00f3lares\nal Estado.<\/p>\n\n\n\n<p>As\u00ed lo confirmaron el secretario de Recursos Renovables y\nMercado El\u00e9ctrico, Juan Antonio Garade; el subsecretario del Mercado El\u00e9ctrico,\nJuan Alberto Luchilo; el titular de la Compa\u00f1\u00eda Administradora del Mercado\nMayorista El\u00e9ctrico (Cammesa), Jorge Ru\u00edz Soto; y el director de la\ntransportista Transener, Carlos Garc\u00eda Pereyra.<\/p>\n\n\n\n<p>Se espera que dentro de quince d\u00edas est\u00e9 listo el informe\nfinal que ya est\u00e1n elaborando las empresas Cammesa y Transener, responsables de\nla distribuci\u00f3n de energ\u00eda el\u00e9ctrica. Mientras tanto, se adopt\u00f3 la decisi\u00f3n de\nlimitar la potencia m\u00e1xima que proviene desde el corredor Litoral (que va desde\nla Central de Yacyret\u00e1 hacia Buenos Aires).<\/p>\n\n\n\n<p>\u201cEsto quiere decir que se va a bajar la potencia m\u00e1xima\ntransmitida para disminuir el riesgo de que ante una falla se vuelva a cortar\nel suministro\u201d, explicaron los funcionarios<\/p>\n\n\n\n<p>Y remarcaron que esta modificaci\u00f3n har\u00e1 que \u201cla operaci\u00f3n\nsea m\u00e1s cara\u201d debido a que \u201cse va a sustituir la energ\u00eda hidroel\u00e9ctrica por\nenerg\u00eda t\u00e9rmica que se ven\u00eda trayendo de Brasil\u201d. \u201cEs un costo marginal\u201d,\na\u00f1adieron.<\/p>\n\n\n\n<p>Seg\u00fan la versi\u00f3n oficial, el reemplazo en el suministro de\nenerg\u00eda traer\u00e1 aparejado una p\u00e9rdida de u$s3,5 millones de ahorro para el\nEstado. \u201cEs una cifra marginal si se tiene en cuenta que el sistema cuesta al\na\u00f1o, entre los gastos de combustible, operaci\u00f3n, mantenimiento y dem\u00e1s, unos\nu$s9.500 millones al a\u00f1o\u201d, explic\u00f3 Luchilo.<\/p>\n\n\n\n<p>Seg\u00fan los funcionarios, &#8220;el 20% (de los 3,5 millones de\nd\u00f3lares) lo pagan de manera directa los grandes usuarios, no los residenciales,\ny el 80% lo paga el Estado como variaci\u00f3n de subsidios&#8221;.<\/p>\n\n\n\n<p>Si bien el informe final sobre las causas estar\u00e1 listo\ndentro de dos semanas, una hip\u00f3tesis preliminar indica que se registr\u00f3 una\nfalla en la l\u00ednea de alta tensi\u00f3n entre Colonia El\u00eda y Nueva Campana donde se\nobserv\u00f3 \u201cun desbalance entre los causes, una suerte oscilaci\u00f3n del sistema de\npotencia\u201d.<\/p>\n\n\n\n<p>&#8220;Toda la informaci\u00f3n qued\u00f3 registrada como una especie\nde caja negra y eso se baj\u00f3 a papel, se imprimi\u00f3, nuestros t\u00e9cnicos ya la est\u00e1n\nevaluando. El informe final ser\u00e1 todo ese registro m\u00e1s su interpretaci\u00f3n&#8221;,\nexplicaron los funcionarios a la prensa.<\/p>\n\n\n\n<p>En este marco, se\u00f1alaron que para este primer an\u00e1lisis se\nnecesitar\u00e1 de consultores nacionales expertos en este tipo de fallas, &#8220;que\nson muy pocos&#8221;. En base a esto, se decidir\u00e1 si las empresas deben pagar o\nno un resarcimiento econ\u00f3mico.<\/p>\n","protected":false},"excerpt":{"rendered":"<p>&#8220;El 20% de ese total lo pagan de manera directa los grandes usuarios, no los residenciales, y el 80% lo paga el Estado como variaci\u00f3n de subsidios&#8221;, explicaron desde Energ\u00eda La Secretar\u00eda de Energ\u00eda todav\u00eda no identific\u00f3 todav\u00eda el origen espec\u00edfico de la falla que ocasion\u00f3 el mega corte del suministro el\u00e9ctrico, que dej\u00f3 a un pa\u00eds entero -salvo Tierra del Fuego- sin luz, pero ya se tomaron medidas precautorias que ocasionar\u00e1n un costo de 3,5 millones de d\u00f3lares al Estado. As\u00ed lo confirmaron el secretario de Recursos Renovables y&#8230;<\/p>\n","protected":false},"author":3,"featured_media":46596,"comment_status":"closed","ping_status":"closed","sticky":false,"template":"","format":"standard","meta":[],"categories":[2],"tags":[],"_links":{"self":[{"href":"https:\/\/www.actualidadadiario.com\/index.php\/wp-json\/wp\/v2\/posts\/46595"}],"collection":[{"href":"https:\/\/www.actualidadadiario.com\/index.php\/wp-json\/wp\/v2\/posts"}],"about":[{"href":"https:\/\/www.actualidadadiario.com\/index.php\/wp-json\/wp\/v2\/types\/post"}],"author":[{"embeddable":true,"href":"https:\/\/www.actualidadadiario.com\/index.php\/wp-json\/wp\/v2\/users\/3"}],"replies":[{"embeddable":true,"href":"https:\/\/www.actualidadadiario.com\/index.php\/wp-json\/wp\/v2\/comments?post=46595"}],"version-history":[{"count":1,"href":"https:\/\/www.actualidadadiario.com\/index.php\/wp-json\/wp\/v2\/posts\/46595\/revisions"}],"predecessor-version":[{"id":46597,"href":"https:\/\/www.actualidadadiario.com\/index.php\/wp-json\/wp\/v2\/posts\/46595\/revisions\/46597"}],"wp:featuredmedia":[{"embeddable":true,"href":"https:\/\/www.actualidadadiario.com\/index.php\/wp-json\/wp\/v2\/media\/46596"}],"wp:attachment":[{"href":"https:\/\/www.actualidadadiario.com\/index.php\/wp-json\/wp\/v2\/media?parent=46595"}],"wp:term":[{"taxonomy":"category","embeddable":true,"href":"https:\/\/www.actualidadadiario.com\/index.php\/wp-json\/wp\/v2\/categories?post=46595"},{"taxonomy":"post_tag","embeddable":true,"href":"https:\/\/www.actualidadadiario.com\/index.php\/wp-json\/wp\/v2\/tags?post=46595"}],"curies":[{"name":"wp","href":"https:\/\/api.w.org\/{rel}","templated":true}]}}