{"id":46593,"date":"2019-06-18T10:05:09","date_gmt":"2019-06-18T13:05:09","guid":{"rendered":"https:\/\/www.actualidadadiario.com\/?p=46593"},"modified":"2019-06-18T10:05:09","modified_gmt":"2019-06-18T13:05:09","slug":"estiman-que-la-desocupacion-llegara-a-12-a-fin-de-ano","status":"publish","type":"post","link":"https:\/\/www.actualidadadiario.com\/index.php\/2019\/06\/18\/estiman-que-la-desocupacion-llegara-a-12-a-fin-de-ano\/","title":{"rendered":"Estiman que la desocupaci\u00f3n llegar\u00e1 a 12% a fin de a\u00f1o"},"content":{"rendered":"\n<p><strong><em>La din\u00e1mica del desempleo, junto con la del salario real, fue de ca\u00edda durante el 2018 y contin\u00faa en la misma l\u00ednea en lo que va del 2019. Para el cierre del a\u00f1o, la expectativa es que vuelva a superar las dos cifras por primera vez desde 2006. Seg\u00fan la consultora Radar, de hecho, terminar\u00e1 en 12% y ser\u00e1 el peor registro desde el 2005<\/em><\/strong><\/p>\n\n\n\n<p><\/p>\n\n\n\n<p><\/p>\n\n\n\n<p>A trav\u00e9s de un informe publicado ayer, Radar afirm\u00f3:\n&#8220;Estimamos que el desempleo superar\u00e1 el 12% hacia fin de a\u00f1o (el peor\nregistro desde 2005), como consecuencia de una combinaci\u00f3n de efectos: por un\nlado, una mayor entrada de trabajadores al mercado laboral, como consecuencia\nde la ca\u00edda del poder adquisitivo (efecto trabajador adicional), que no\nnecesariamente encontrar\u00e1n empleo, dado el pobre desempe\u00f1o de los principales\nsectores econ\u00f3micos. Y por otro, la continuidad de la destrucci\u00f3n de empleos\ncomo consecuencia de la persistencia de la recesi\u00f3n y el mal desempe\u00f1o de la\ngran mayor\u00eda de los sectores, en particular, los mano de obra intensivos&#8221;.<\/p>\n\n\n\n<p>Ese nivel de desempleo implicar\u00eda que, hacia fin de a\u00f1o, las\npersonas desocupadas ser\u00edan alrededor de 2.600.000, frente a los 1.900.000 que\nse registraron hacia fines del 2018. Eso quiere decir que en un a\u00f1o se habr\u00eda\nsumado cerca de 700.000 desempleados adicionales.<\/p>\n\n\n\n<p>El informe de Radar ahond\u00f3 en la din\u00e1mica sectorial. En ese\nsentido destac\u00f3 que, durante el \u00faltimo a\u00f1o, todos los sectores relevantes en\nmateria de empleo mostraron ca\u00eddas en los puestos de trabajo: industria,\nconstrucci\u00f3n, comercio, hoteles y gastronom\u00eda, transporte y comunicaci\u00f3n,\nactividad empresarial e intermediaci\u00f3n financiera.<\/p>\n\n\n\n<p>Y, ya en el primer trimestre, el \u00fanico sector que logr\u00f3\nfrenar esa merma de destrucci\u00f3n de puestos fue la construcci\u00f3n, &#8220;de la\nmano de cierta estabilizaci\u00f3n de la obra p\u00fablica frente a un calendario\nelectoral que se intensifica con el correr del a\u00f1o&#8221;.<\/p>\n","protected":false},"excerpt":{"rendered":"<p>La din\u00e1mica del desempleo, junto con la del salario real, fue de ca\u00edda durante el 2018 y contin\u00faa en la misma l\u00ednea en lo que va del 2019. Para el cierre del a\u00f1o, la expectativa es que vuelva a superar las dos cifras por primera vez desde 2006. Seg\u00fan la consultora Radar, de hecho, terminar\u00e1 en 12% y ser\u00e1 el peor registro desde el 2005 A trav\u00e9s de un informe publicado ayer, Radar afirm\u00f3: &#8220;Estimamos que el desempleo superar\u00e1 el 12% hacia fin de a\u00f1o (el peor registro desde 2005),&#8230;<\/p>\n","protected":false},"author":3,"featured_media":44237,"comment_status":"closed","ping_status":"closed","sticky":false,"template":"","format":"standard","meta":[],"categories":[2],"tags":[],"_links":{"self":[{"href":"https:\/\/www.actualidadadiario.com\/index.php\/wp-json\/wp\/v2\/posts\/46593"}],"collection":[{"href":"https:\/\/www.actualidadadiario.com\/index.php\/wp-json\/wp\/v2\/posts"}],"about":[{"href":"https:\/\/www.actualidadadiario.com\/index.php\/wp-json\/wp\/v2\/types\/post"}],"author":[{"embeddable":true,"href":"https:\/\/www.actualidadadiario.com\/index.php\/wp-json\/wp\/v2\/users\/3"}],"replies":[{"embeddable":true,"href":"https:\/\/www.actualidadadiario.com\/index.php\/wp-json\/wp\/v2\/comments?post=46593"}],"version-history":[{"count":1,"href":"https:\/\/www.actualidadadiario.com\/index.php\/wp-json\/wp\/v2\/posts\/46593\/revisions"}],"predecessor-version":[{"id":46594,"href":"https:\/\/www.actualidadadiario.com\/index.php\/wp-json\/wp\/v2\/posts\/46593\/revisions\/46594"}],"wp:featuredmedia":[{"embeddable":true,"href":"https:\/\/www.actualidadadiario.com\/index.php\/wp-json\/wp\/v2\/media\/44237"}],"wp:attachment":[{"href":"https:\/\/www.actualidadadiario.com\/index.php\/wp-json\/wp\/v2\/media?parent=46593"}],"wp:term":[{"taxonomy":"category","embeddable":true,"href":"https:\/\/www.actualidadadiario.com\/index.php\/wp-json\/wp\/v2\/categories?post=46593"},{"taxonomy":"post_tag","embeddable":true,"href":"https:\/\/www.actualidadadiario.com\/index.php\/wp-json\/wp\/v2\/tags?post=46593"}],"curies":[{"name":"wp","href":"https:\/\/api.w.org\/{rel}","templated":true}]}}