{"id":46591,"date":"2019-06-18T10:04:32","date_gmt":"2019-06-18T13:04:32","guid":{"rendered":"https:\/\/www.actualidadadiario.com\/?p=46591"},"modified":"2019-06-18T10:04:32","modified_gmt":"2019-06-18T13:04:32","slug":"argentina-volvio-al-podio-de-los-paises-con-mayor-inflacion","status":"publish","type":"post","link":"https:\/\/www.actualidadadiario.com\/index.php\/2019\/06\/18\/argentina-volvio-al-podio-de-los-paises-con-mayor-inflacion\/","title":{"rendered":"Argentina volvi\u00f3 al podio de los pa\u00edses con mayor inflaci\u00f3n"},"content":{"rendered":"\n<p><strong><em>En mayo alcanz\u00f3 una interanual de 57,3% y super\u00f3 al \u00faltimo registro de Sud\u00e1n del Sur que, por el contrario, logr\u00f3 desacelerar su din\u00e1mica de precios a una de 56,1%. As\u00ed, el pa\u00eds tuvo un IPC s\u00f3lo superado por Venezuela y Zimbabwe, seg\u00fan el relevamiento de Trading Economics. Hoy el Indec publicar\u00e1 el \u00cdndice de Precios Mayoristas (IPIM), que volver\u00e1 a mostrar una fuerte brecha entre los costos de las empresas y sus precios finales al consumidor. El dato es una buena medida de la inflaci\u00f3n reprimida, que presionar\u00e1 en los pr\u00f3ximos meses<\/em><\/strong><\/p>\n\n\n\n<p><\/p>\n\n\n\n<p><\/p>\n\n\n\n<p>La inflaci\u00f3n alcanz\u00f3 su pico en mayo y ahora la expectativa\nes que, por una cuesti\u00f3n comparativa contra los aumentos extraordinarios de un\na\u00f1o atr\u00e1s, la interanual comience a desacelerar. Lo explic\u00f3 el director de\nEpyca, Mart\u00edn Kalos: &#8220;El 57,3% va a ser un pico. A partir de junio, la\ninflaci\u00f3n interanual, contra mismo mes del a\u00f1o pasado, va a empezar a\nreducirse. Por ejemplo, si la intermensual de junio diera 2,8%, la interanual\nbajar\u00eda a 55,9%. Para que no baje, la inflaci\u00f3n en junio deber\u00eda ser\n3,7%&#8221;.<\/p>\n\n\n\n<p>La expectativa para el IPC de junio es, justamente, que\ncierre en torno a 2,8%. Ese es el n\u00famero que prev\u00e9 la consultora LCG, tal como\ninform\u00f3 su director Guido Lorenzo. Para el promedio de los economistas de la city,\nconsultados por el BCRA, el n\u00famero es similar: 2,7%.<\/p>\n\n\n\n<p>Entre las explicaciones de la esperada desaceleraci\u00f3n, Kalos\nenumer\u00f3: &#8220;El congelamiento de tarifas a partir de mayo y la estabilidad\ncambiaria, que no va a ser plena pero hasta ac\u00e1 dio un respiro, sumados al\nestancamiento econ\u00f3mico&#8221;.<\/p>\n\n\n\n<p>Aunque tambi\u00e9n matiz\u00f3: &#8220;Esto no es cantar victoria\nporque mucha de la desaceleraci\u00f3n es un postergamiento de la inflaci\u00f3n. La\nestabilidad cambiaria no se puede sostener demasiado en el tiempo. El d\u00f3lar va\na subir en alg\u00fan momento. Y eso sin tener en cuenta las tensiones cambiarias\nrespecto de las elecciones y de la posibilidad de conseguir financiamiento para\nel 2020. Tambi\u00e9n las tarifas van a tener aumentos m\u00e1s adelante&#8221;.<\/p>\n\n\n\n<p>Para los precios mayoristas tambi\u00e9n se espera desaceleraci\u00f3n\na partir de junio, por la calma cambiaria y por la dificultad que encuentran\nlas empresas para remarcar las subas en sus costos. Y es que el escenario\nrecesivo, con una ca\u00edda constante del consumo, no da margen para incrementos.\nHoy el Indec publicar\u00e1 el dato de mayo que volver\u00eda a mostrar una din\u00e1mica\ncomplicada para ese indicador.<\/p>\n\n\n\n<p>Desde LCG anticiparon: &#8220;Las magnitudes en mayoristas\nsiguen siendo altas, y esperamos que en mayo contin\u00fae la tendencia alcista por\nlos eventos de volatilidad que se repitieron a fines de abril. Sin embargo,\ndurante los meses siguientes, es probable que el \u00edndice comience a desacelerar\nen l\u00ednea con el bajo nivel de actividad de la econom\u00eda, pero condicionado a que\nno existan grandes movimientos en el tipo de cambio&#8221;.<\/p>\n\n\n\n<p>En abril la interanual de ese indicador lleg\u00f3 a 72,6%. La\nbrecha de 15,3 puntos entre mayoristas y minoristas muestran la diferencia\nentre las subas de los costos empresariales, ya que el grueso de la canasta del\nIPIM consiste en insumos productivos en d\u00f3lares, y los precios finales al\nconsumidor. Es decir: deja entrever las remarcaciones que precisan realizar las\nempresas a futuros para recuperar m\u00e1rgenes de ganancia.<\/p>\n","protected":false},"excerpt":{"rendered":"<p>En mayo alcanz\u00f3 una interanual de 57,3% y super\u00f3 al \u00faltimo registro de Sud\u00e1n del Sur que, por el contrario, logr\u00f3 desacelerar su din\u00e1mica de precios a una de 56,1%. As\u00ed, el pa\u00eds tuvo un IPC s\u00f3lo superado por Venezuela y Zimbabwe, seg\u00fan el relevamiento de Trading Economics. Hoy el Indec publicar\u00e1 el \u00cdndice de Precios Mayoristas (IPIM), que volver\u00e1 a mostrar una fuerte brecha entre los costos de las empresas y sus precios finales al consumidor. El dato es una buena medida de la inflaci\u00f3n reprimida, que presionar\u00e1 en&#8230;<\/p>\n","protected":false},"author":3,"featured_media":40298,"comment_status":"closed","ping_status":"closed","sticky":false,"template":"","format":"standard","meta":[],"categories":[9],"tags":[],"_links":{"self":[{"href":"https:\/\/www.actualidadadiario.com\/index.php\/wp-json\/wp\/v2\/posts\/46591"}],"collection":[{"href":"https:\/\/www.actualidadadiario.com\/index.php\/wp-json\/wp\/v2\/posts"}],"about":[{"href":"https:\/\/www.actualidadadiario.com\/index.php\/wp-json\/wp\/v2\/types\/post"}],"author":[{"embeddable":true,"href":"https:\/\/www.actualidadadiario.com\/index.php\/wp-json\/wp\/v2\/users\/3"}],"replies":[{"embeddable":true,"href":"https:\/\/www.actualidadadiario.com\/index.php\/wp-json\/wp\/v2\/comments?post=46591"}],"version-history":[{"count":1,"href":"https:\/\/www.actualidadadiario.com\/index.php\/wp-json\/wp\/v2\/posts\/46591\/revisions"}],"predecessor-version":[{"id":46592,"href":"https:\/\/www.actualidadadiario.com\/index.php\/wp-json\/wp\/v2\/posts\/46591\/revisions\/46592"}],"wp:featuredmedia":[{"embeddable":true,"href":"https:\/\/www.actualidadadiario.com\/index.php\/wp-json\/wp\/v2\/media\/40298"}],"wp:attachment":[{"href":"https:\/\/www.actualidadadiario.com\/index.php\/wp-json\/wp\/v2\/media?parent=46591"}],"wp:term":[{"taxonomy":"category","embeddable":true,"href":"https:\/\/www.actualidadadiario.com\/index.php\/wp-json\/wp\/v2\/categories?post=46591"},{"taxonomy":"post_tag","embeddable":true,"href":"https:\/\/www.actualidadadiario.com\/index.php\/wp-json\/wp\/v2\/tags?post=46591"}],"curies":[{"name":"wp","href":"https:\/\/api.w.org\/{rel}","templated":true}]}}