{"id":4658,"date":"2016-11-17T09:33:35","date_gmt":"2016-11-17T12:33:35","guid":{"rendered":"http:\/\/actualidadadiario.com\/site\/?p=4658"},"modified":"2016-11-17T09:33:35","modified_gmt":"2016-11-17T12:33:35","slug":"una-resolucion-entre-anses-y-migraciones-congelo-las-pensiones-de-extranjeros-residentes","status":"publish","type":"post","link":"https:\/\/www.actualidadadiario.com\/index.php\/2016\/11\/17\/una-resolucion-entre-anses-y-migraciones-congelo-las-pensiones-de-extranjeros-residentes\/","title":{"rendered":"Una resoluci\u00f3n entre Anses y Migraciones congel\u00f3 las pensiones de extranjeros residentes"},"content":{"rendered":"<p><em><strong>Un convenio firmado entre ambas carteras hace una semana ya tiene sus primeras consecuencias: son miles los jubilados nacidos en otros pa\u00edses que viven en Argentina, y que se ven privados de un derecho elemental, luego de haber trabajado much\u00edsimos a\u00f1os en el mercado informal<\/strong><\/em><\/p>\n<p>&nbsp;<\/p>\n<p>&nbsp;<\/p>\n<p>&nbsp;<\/p>\n<p>&nbsp;<\/p>\n<p>El discurso de odio hacia los residentes extranjeros en nuestro pa\u00eds est\u00e1 calando hondo en la sociedad, de la mano de varios referentes pol\u00edticos y, aunque suene lejano, la victoria en los Estados Unidos del discurso xen\u00f3fobo y anti inmigrantes de Donald Trump tambi\u00e9n aporta su cuota de argumentaci\u00f3n.<\/p>\n<p>&nbsp;<\/p>\n<p>Lo cierto es que una semana atr\u00e1s, Anses y Migraciones firmaron un acuerdo con la excusa de \u201cverificar la residencia\u201d de todos aquellos beneficiarios de prestaciones sociales. Sin embargo, la primera consecuencia fue congelar los haberes de todos hasta que se complete el entrecruzamiento de datos, una tarea sin fecha de finalizaci\u00f3n estipulada.<\/p>\n<p>&nbsp;<\/p>\n<p>Mientras tanto, miles de jubilados extranjeros no pueden percibir sus asignaciones, en lo que es una grave avance contra un derecho fundamental, para las personas nacidas en otros pa\u00edses que trabajaron toda su vida y que necesitan de ese sustento.<\/p>\n<p>&nbsp;<\/p>\n<p>La idea de esta pol\u00edtica que discrimina a los mayores s\u00f3lo por su pa\u00eds de origen se sostiene en la instalaci\u00f3n de ese discurso prejuicioso hacia los inmigrantes, intentando arrastrarlos hasta la responsabilidad de las problem\u00e1ticas sociales, incluso se\u00f1al\u00e1ndolos como enemigos.<\/p>\n<p>&nbsp;<\/p>\n<p>&nbsp;<\/p>\n<p>&nbsp;<\/p>\n<p>&nbsp;<\/p>\n<p>&nbsp;<\/p>\n<p>&nbsp;<\/p>\n<p><strong>El caso de Dora <\/strong><\/p>\n<p>La Izquierda Diario cont\u00f3 el drama de una ciudadana nacida en Paraguay -lleg\u00f3\u00a0 la Argentina escapando de la dictadura Stroessner en 1982- pero que lleva 34 a\u00f1os ininterrumpidos en el barrio de La Boca: con 70 a\u00f1os, Dora Franco intent\u00f3 recibir el beneficio reglamentado por la &#8220;ley de reparaci\u00f3n hist\u00f3rica&#8221;, que alcanza a los mayores de 65 a\u00f1os que no cuenten con una prestaci\u00f3n previsional contributiva, aunque no pudo hacerlo por su condici\u00f3n de extranjera.<\/p>\n<p>&nbsp;<\/p>\n<p>Durante 34 a\u00f1os, Dora trabaj\u00f3 como empleada dom\u00e9stica en casas de familia, siempre en condiciones no formales. A pesar de que el macrismo anunci\u00f3 esta ley a los cuatro vientos con orgullo, la mujer no puede acceder a una suma que retribuya el trabajo de toda una vida.<\/p>\n","protected":false},"excerpt":{"rendered":"<p>Un convenio firmado entre ambas carteras hace una semana ya tiene sus primeras consecuencias: son miles los jubilados nacidos en otros pa\u00edses que viven en Argentina, y que se ven privados de un derecho elemental, luego de haber trabajado much\u00edsimos a\u00f1os en el mercado informal &nbsp; &nbsp; &nbsp; &nbsp; El discurso de odio hacia los residentes extranjeros en nuestro pa\u00eds est\u00e1 calando hondo en la sociedad, de la mano de varios referentes pol\u00edticos y, aunque suene lejano, la victoria en los Estados Unidos del discurso xen\u00f3fobo y anti inmigrantes de&#8230;<\/p>\n","protected":false},"author":3,"featured_media":4659,"comment_status":"closed","ping_status":"closed","sticky":false,"template":"","format":"standard","meta":[],"categories":[18],"tags":[],"_links":{"self":[{"href":"https:\/\/www.actualidadadiario.com\/index.php\/wp-json\/wp\/v2\/posts\/4658"}],"collection":[{"href":"https:\/\/www.actualidadadiario.com\/index.php\/wp-json\/wp\/v2\/posts"}],"about":[{"href":"https:\/\/www.actualidadadiario.com\/index.php\/wp-json\/wp\/v2\/types\/post"}],"author":[{"embeddable":true,"href":"https:\/\/www.actualidadadiario.com\/index.php\/wp-json\/wp\/v2\/users\/3"}],"replies":[{"embeddable":true,"href":"https:\/\/www.actualidadadiario.com\/index.php\/wp-json\/wp\/v2\/comments?post=4658"}],"version-history":[{"count":1,"href":"https:\/\/www.actualidadadiario.com\/index.php\/wp-json\/wp\/v2\/posts\/4658\/revisions"}],"predecessor-version":[{"id":4660,"href":"https:\/\/www.actualidadadiario.com\/index.php\/wp-json\/wp\/v2\/posts\/4658\/revisions\/4660"}],"wp:featuredmedia":[{"embeddable":true,"href":"https:\/\/www.actualidadadiario.com\/index.php\/wp-json\/wp\/v2\/media\/4659"}],"wp:attachment":[{"href":"https:\/\/www.actualidadadiario.com\/index.php\/wp-json\/wp\/v2\/media?parent=4658"}],"wp:term":[{"taxonomy":"category","embeddable":true,"href":"https:\/\/www.actualidadadiario.com\/index.php\/wp-json\/wp\/v2\/categories?post=4658"},{"taxonomy":"post_tag","embeddable":true,"href":"https:\/\/www.actualidadadiario.com\/index.php\/wp-json\/wp\/v2\/tags?post=4658"}],"curies":[{"name":"wp","href":"https:\/\/api.w.org\/{rel}","templated":true}]}}