{"id":4652,"date":"2016-11-17T09:31:50","date_gmt":"2016-11-17T12:31:50","guid":{"rendered":"http:\/\/actualidadadiario.com\/site\/?p=4652"},"modified":"2016-11-17T09:31:50","modified_gmt":"2016-11-17T12:31:50","slug":"gobierno-acordo-bono-para-estatales-de-hasta-3-500","status":"publish","type":"post","link":"https:\/\/www.actualidadadiario.com\/index.php\/2016\/11\/17\/gobierno-acordo-bono-para-estatales-de-hasta-3-500\/","title":{"rendered":"Gobierno acord\u00f3 bono para estatales de hasta $ 3.500"},"content":{"rendered":"<p><em><strong>La Uni\u00f3n Personal Civil de la Naci\u00f3n (UPCN) acord\u00f3 una compensaci\u00f3n extraordinaria de fin de a\u00f1o para los trabajadores estatales nacionales, con una escala que va desde los $ 2.000 hasta los $ 3.500 de acuerdo con los diversos niveles<\/strong><\/em><\/p>\n<p>&nbsp;<\/p>\n<p>&nbsp;<\/p>\n<p>&nbsp;<\/p>\n<p>&nbsp;<\/p>\n<p>&nbsp;<\/p>\n<p>&nbsp;<\/p>\n<p>El acuerdo fue suscrito por el titular de UPCN y secretario adjunto de la CGT, Andr\u00e9s Rodr\u00edguez, y los ministros de Trabajo, Jorge Triaca, y de Modernizaci\u00f3n, Andr\u00e9s Ibarra.<\/p>\n<p>&nbsp;<\/p>\n<p>&nbsp;<\/p>\n<p>En conferencia de prensa, el ministro de Modernizaci\u00f3n de la Naci\u00f3n, Andr\u00e9s Ibarra, explic\u00f3 que &#8220;los empleados de la administraci\u00f3n p\u00fablica nacional recibir\u00e1n un bono que, dependiendo la categor\u00eda va entre $2000 hasta $3500 en dos cuotas: una con el sueldo de diciembre y la otra con el sueldo de enero&#8221;.<\/p>\n<p>&nbsp;<\/p>\n<p>El bono abarcar\u00e1 a 130.000 empleados de la Administraci\u00f3n Nacional y su costo fiscal ser\u00e1 de 350 millones de pesos.<\/p>\n<p>&nbsp;<\/p>\n<p>Ibarra admiti\u00f3 que en el caso de los bonos provinciales, como coment\u00f3 oportunamente el ministro del Interior, &#8220;se est\u00e1 trabajando&#8221;, pero no confirm\u00f3 si van a ayudar financieramente a las provincias a pagarlo. &#8220;Es un tema espec\u00edfico de las finanzas de cada provincia&#8221;, explic\u00f3.<\/p>\n<p>&nbsp;<\/p>\n<p>La comunicaci\u00f3n gremial suministrada por el secretario de Prensa de UPCN, Sebasti\u00e1n Mart\u00ednez destaca que el &#8220;acuerdo se logr\u00f3 en el marco del Di\u00e1logo para la Producci\u00f3n y el Trabajo, convocada por el Poder Ejecutivo Nacional a trav\u00e9s del Decreto N\u00b0,1092\/16 y sus normas complementarias&#8221;.<\/p>\n<p>&nbsp;<\/p>\n<p>El texto del acta acuerdo se\u00f1ala textualmente que &#8220;el PEN implementar\u00e1 el pago de una bonificaci\u00f3n extraordinaria no remunerativa ni bonificable al personal de las jurisdicciones y organismos de la Administraci\u00f3n P\u00fablica Nacional, con exclusi\u00f3n de aquellos que tengan pendientes negociaciones colectivas sectoriales o que hubiesen percibido a la fecha beneficios de similar \u00edndole o alcances a la presente bonificaci\u00f3n&#8221;.<\/p>\n<p>&nbsp;<\/p>\n<p>Trat\u00e1ndose entonces de una suma no remunerativa, la misma no ser\u00e1 alcanzada por el impuesto a las Ganancias o cualquier otra carga.<\/p>\n<p>&nbsp;<\/p>\n<p>Naturalmente, el beneficio alcanzar\u00e1 tambi\u00e9n a aquellos empleados estatales afiliados a la Asociaci\u00f3n de Trabajadores del Estado (ATE), aunque el acuerdo fuese alcanzado por UPCN.<\/p>\n<p>&nbsp;<\/p>\n<p>El acuerdo tiene cinco cla\u00fasulas, la primera de las cuales estipula que &#8220;el personal comprendido en el Sistema Nacional de Empleo P\u00fablico (Sinep) percibir\u00e1: niveles E y F (las escalas salariales m\u00e1s bajas) $ 3.500, nivel D: $ 3.300, nivel C; $ 3.000 y niveles A y B; $ 2.000.<\/p>\n<p>&nbsp;<\/p>\n<p>La segunda cl\u00e1usula hace referencia a que &#8220;los montos consignados en la cl\u00e1usula anterior se abonar\u00e1n un 50 por ciento con las remuneraciones del mes de diciembre de 2016 y el otro 50 por ciento con las remuneraciones del mes de enero de 2017&#8221;.<\/p>\n<p>&nbsp;<\/p>\n<p>La tercera cl\u00e1usula del acuerdo establece que &#8220;el personal que no pertenezca al Sinep y se encuentre comprendido en la ley 24.186, la bonificaci\u00f3n se aplicar\u00e1 seg\u00fan los par\u00e1metros establecidos en las cl\u00e1usulas anteriores y de conformidad con los sistemas escalafonarios y de carrera por lo que se rigen a la fecha&#8221;.<\/p>\n<p>&nbsp;<\/p>\n<p>En la cl\u00e1usula cuatro, se deja en claro que &#8220;quedan excluidos de la presente bonificaci\u00f3n extraordinaria los funcionarios pol\u00edticos, ex escalafonarios, autoridades de organismos descentralizados de todas las jurisdicciones y de la Administraci\u00f3n P\u00fablica Nacional&#8221;.<\/p>\n<p>&nbsp;<\/p>\n<p>La \u00faltima de las cl\u00e1usulas del acuerdo determina que &#8220;el Ministerio de Modernizaci\u00f3n dictar\u00e1 las normas interpretativas o complementarias que resulten necesarias para la aplicaci\u00f3n de la norma que instrumente el presente&#8221;.<\/p>\n<p>&nbsp;<\/p>\n<p>&nbsp;<\/p>\n<p>En tanto, el titular de ATE nacional Hugo &#8220;Cachorro&#8221; Godoy , sostuvo en declaraciones a Radio El Mundo, que el gremio que conduce &#8220;no fue convocado para ninguna reuni\u00f3n&#8221;.<\/p>\n<p>&nbsp;<\/p>\n<p>&#8220;La \u00faltima reuni\u00f3n la tuvimos con el ministro Ibarra que estaban dirimiendo y resolviendo sobre el tema del bono. Si hubo una reuni\u00f3n, a nosotros no nos llamaron para ella. Parece que se re\u00fanen entre los amigos que est\u00e1n de acuerdo&#8221;, expres\u00f3.<\/p>\n<p>&nbsp;<\/p>\n<p>Con respecto al bono de $2000 a $3500, consider\u00f3: &#8220;es absolutamente insuficiente para cubrir lo perdido por los trabajadores y como gremio vamos a seguir reclamando por lo que nos parece que es justo&#8221;.<\/p>\n<p>&nbsp;<\/p>\n<p>ATE difundi\u00f3 este mi\u00e9rcoles un comunicado con datos del informe del Instituto de Estudios de Estado y Participaci\u00f3n (IDEP) en el que se destaca que &#8220;en lo que va del a\u00f1o los estatales perdieron el equivalente a un sueldo&#8221; y que y &#8220;mientras los salarios se ver\u00e1n incrementados en un 31%, la proyecci\u00f3n de inflaci\u00f3n es del 39,2%&#8221;.<\/p>\n<p>&nbsp;<\/p>\n<p>&#8220;Cuando nos reunimos el 26 de octubre pasado dijimos que el aumento que se otorgue ten\u00eda que ser para todos los gremios nacionales y provinciales p\u00fablicos, pero el Estado se ha corrido de esa responsabilidad&#8221;, continu\u00f3.<\/p>\n<p>&nbsp;<\/p>\n<p>En este sentido, consider\u00f3 que &#8220;el Gobierno generaliza las medidas cuando le conviene para los provinciales y municipales y despu\u00e9s apela al federalismo para intentar zafar de las cosas que no le conviene&#8221;.<\/p>\n","protected":false},"excerpt":{"rendered":"<p>La Uni\u00f3n Personal Civil de la Naci\u00f3n (UPCN) acord\u00f3 una compensaci\u00f3n extraordinaria de fin de a\u00f1o para los trabajadores estatales nacionales, con una escala que va desde los $ 2.000 hasta los $ 3.500 de acuerdo con los diversos niveles &nbsp; &nbsp; &nbsp; &nbsp; &nbsp; &nbsp; El acuerdo fue suscrito por el titular de UPCN y secretario adjunto de la CGT, Andr\u00e9s Rodr\u00edguez, y los ministros de Trabajo, Jorge Triaca, y de Modernizaci\u00f3n, Andr\u00e9s Ibarra. &nbsp; &nbsp; En conferencia de prensa, el ministro de Modernizaci\u00f3n de la Naci\u00f3n, Andr\u00e9s Ibarra,&#8230;<\/p>\n","protected":false},"author":3,"featured_media":4653,"comment_status":"closed","ping_status":"closed","sticky":false,"template":"","format":"standard","meta":[],"categories":[2],"tags":[],"_links":{"self":[{"href":"https:\/\/www.actualidadadiario.com\/index.php\/wp-json\/wp\/v2\/posts\/4652"}],"collection":[{"href":"https:\/\/www.actualidadadiario.com\/index.php\/wp-json\/wp\/v2\/posts"}],"about":[{"href":"https:\/\/www.actualidadadiario.com\/index.php\/wp-json\/wp\/v2\/types\/post"}],"author":[{"embeddable":true,"href":"https:\/\/www.actualidadadiario.com\/index.php\/wp-json\/wp\/v2\/users\/3"}],"replies":[{"embeddable":true,"href":"https:\/\/www.actualidadadiario.com\/index.php\/wp-json\/wp\/v2\/comments?post=4652"}],"version-history":[{"count":1,"href":"https:\/\/www.actualidadadiario.com\/index.php\/wp-json\/wp\/v2\/posts\/4652\/revisions"}],"predecessor-version":[{"id":4654,"href":"https:\/\/www.actualidadadiario.com\/index.php\/wp-json\/wp\/v2\/posts\/4652\/revisions\/4654"}],"wp:featuredmedia":[{"embeddable":true,"href":"https:\/\/www.actualidadadiario.com\/index.php\/wp-json\/wp\/v2\/media\/4653"}],"wp:attachment":[{"href":"https:\/\/www.actualidadadiario.com\/index.php\/wp-json\/wp\/v2\/media?parent=4652"}],"wp:term":[{"taxonomy":"category","embeddable":true,"href":"https:\/\/www.actualidadadiario.com\/index.php\/wp-json\/wp\/v2\/categories?post=4652"},{"taxonomy":"post_tag","embeddable":true,"href":"https:\/\/www.actualidadadiario.com\/index.php\/wp-json\/wp\/v2\/tags?post=4652"}],"curies":[{"name":"wp","href":"https:\/\/api.w.org\/{rel}","templated":true}]}}