{"id":4649,"date":"2016-11-17T09:30:43","date_gmt":"2016-11-17T12:30:43","guid":{"rendered":"http:\/\/actualidadadiario.com\/site\/?p=4649"},"modified":"2016-11-17T09:30:43","modified_gmt":"2016-11-17T12:30:43","slug":"afip-advirtio-que-se-perdieron-casi-130-mil-puestos-de-trabajo-en-el-ano","status":"publish","type":"post","link":"https:\/\/www.actualidadadiario.com\/index.php\/2016\/11\/17\/afip-advirtio-que-se-perdieron-casi-130-mil-puestos-de-trabajo-en-el-ano\/","title":{"rendered":"AFIP advirti\u00f3 que se perdieron casi 130 mil puestos de trabajo en el a\u00f1o"},"content":{"rendered":"<p><em><strong>La mayor ca\u00edda del empleo se verific\u00f3 en empresas medianas y grandes, que emplean a m\u00e1s de 100 trabajadores<\/strong><\/em><\/p>\n<p>&nbsp;<\/p>\n<p>&nbsp;<\/p>\n<p>&nbsp;<\/p>\n<p>&nbsp;<\/p>\n<p>&nbsp;<\/p>\n<p>El empleo registrado cay\u00f3 1,5% por la eliminaci\u00f3n de 127.595 puestos de trabajo en los primeros nueve meses del a\u00f1o, seg\u00fan los registros del sistema de Seguridad Social. Ese sistema releva declaraciones juradas de compa\u00f1\u00edas sobre el n\u00famero de empleados.<\/p>\n<p>&nbsp;<\/p>\n<p>Los datos reflejan el impacto de la persistente recesi\u00f3n sobre la actividad laboral. Tambi\u00e9n la magnitud del ajuste en distintas esferas de la actividad econ\u00f3mica tanto p\u00fablica como privada.<\/p>\n<p>&nbsp;<\/p>\n<p>De acuerdo con las cifras de la AFIP hab\u00eda 8.096.281 puestos de trabajo declarados en diciembre de 2015 y en septiembre \u00faltimo baj\u00f3 a 7.968.686, lo que marca una ca\u00edda del empleo registrado.<\/p>\n<p>&nbsp;<\/p>\n<p>En diciembre del a\u00f1o pasado hab\u00eda 568.737 empresas registradas en la AFIP, mientras que en septiembre \u00faltimo llegaban a 566.592, lo que marca una ca\u00edda del 0,3% y 2.145 empresas cerradas.<\/p>\n<p>&nbsp;<\/p>\n<p>Sobre 20 sectores productivos desagregados por AFIP, 14 registran bajas y 6 incremento del n\u00famero de trabajadores. La mayor ca\u00edda del empleo se verific\u00f3 en empresas medianas y grandes, que emplean a m\u00e1s de 100 trabajadores. De las 127.595 bajas en los puestos de trabajo 7.719 pertenecen al sector p\u00fablico y 119.876 al sector privado.<\/p>\n<p>&nbsp;<\/p>\n<p>Por rama de actividad entre enero y septiembre los sectores que perdieron m\u00e1s puestos de trabajo fueron la construcci\u00f3n (46.163), actividades administrativas (36.578), la industria manufacturera (36.257), servicios de transporte y almacenamiento (11.634), profesionales (7.154) y servicios de alojamiento y comidas (6.389).<\/p>\n","protected":false},"excerpt":{"rendered":"<p>La mayor ca\u00edda del empleo se verific\u00f3 en empresas medianas y grandes, que emplean a m\u00e1s de 100 trabajadores &nbsp; &nbsp; &nbsp; &nbsp; &nbsp; El empleo registrado cay\u00f3 1,5% por la eliminaci\u00f3n de 127.595 puestos de trabajo en los primeros nueve meses del a\u00f1o, seg\u00fan los registros del sistema de Seguridad Social. Ese sistema releva declaraciones juradas de compa\u00f1\u00edas sobre el n\u00famero de empleados. &nbsp; Los datos reflejan el impacto de la persistente recesi\u00f3n sobre la actividad laboral. Tambi\u00e9n la magnitud del ajuste en distintas esferas de la actividad econ\u00f3mica&#8230;<\/p>\n","protected":false},"author":3,"featured_media":4650,"comment_status":"closed","ping_status":"closed","sticky":false,"template":"","format":"standard","meta":[],"categories":[9],"tags":[],"_links":{"self":[{"href":"https:\/\/www.actualidadadiario.com\/index.php\/wp-json\/wp\/v2\/posts\/4649"}],"collection":[{"href":"https:\/\/www.actualidadadiario.com\/index.php\/wp-json\/wp\/v2\/posts"}],"about":[{"href":"https:\/\/www.actualidadadiario.com\/index.php\/wp-json\/wp\/v2\/types\/post"}],"author":[{"embeddable":true,"href":"https:\/\/www.actualidadadiario.com\/index.php\/wp-json\/wp\/v2\/users\/3"}],"replies":[{"embeddable":true,"href":"https:\/\/www.actualidadadiario.com\/index.php\/wp-json\/wp\/v2\/comments?post=4649"}],"version-history":[{"count":1,"href":"https:\/\/www.actualidadadiario.com\/index.php\/wp-json\/wp\/v2\/posts\/4649\/revisions"}],"predecessor-version":[{"id":4651,"href":"https:\/\/www.actualidadadiario.com\/index.php\/wp-json\/wp\/v2\/posts\/4649\/revisions\/4651"}],"wp:featuredmedia":[{"embeddable":true,"href":"https:\/\/www.actualidadadiario.com\/index.php\/wp-json\/wp\/v2\/media\/4650"}],"wp:attachment":[{"href":"https:\/\/www.actualidadadiario.com\/index.php\/wp-json\/wp\/v2\/media?parent=4649"}],"wp:term":[{"taxonomy":"category","embeddable":true,"href":"https:\/\/www.actualidadadiario.com\/index.php\/wp-json\/wp\/v2\/categories?post=4649"},{"taxonomy":"post_tag","embeddable":true,"href":"https:\/\/www.actualidadadiario.com\/index.php\/wp-json\/wp\/v2\/tags?post=4649"}],"curies":[{"name":"wp","href":"https:\/\/api.w.org\/{rel}","templated":true}]}}