{"id":4642,"date":"2016-11-16T10:18:50","date_gmt":"2016-11-16T13:18:50","guid":{"rendered":"http:\/\/actualidadadiario.com\/site\/?p=4642"},"modified":"2016-11-16T10:18:50","modified_gmt":"2016-11-16T13:18:50","slug":"el-estado-autorizo-la-venta-de-terrenos-ubicados-en-puerto-madero","status":"publish","type":"post","link":"https:\/\/www.actualidadadiario.com\/index.php\/2016\/11\/16\/el-estado-autorizo-la-venta-de-terrenos-ubicados-en-puerto-madero\/","title":{"rendered":"El Estado autoriz\u00f3 la venta de terrenos ubicados en Puerto Madero"},"content":{"rendered":"<p><em><strong>Luego de anunciar el remate de residencias diplom\u00e1ticas, el Gobierno autoriz\u00f3 este mi\u00e9rcoles la venta de terrenos estatales ubicados en Puerto Madero<\/strong><\/em><\/p>\n<p>&nbsp;<\/p>\n<p>&nbsp;<\/p>\n<p>&nbsp;<\/p>\n<p>&nbsp;<\/p>\n<p>&nbsp;<\/p>\n<p>&nbsp;<\/p>\n<p>&nbsp;<\/p>\n<p>La noticia fue confirmada a trav\u00e9s del decreto 1173\/2016, publicado en el Bolet\u00edn Oficial. Se trata de un \u00e1rea de 91,337 metros cuadrados en Catalinas Norte.<\/p>\n<p>&nbsp;<\/p>\n<p>Seg\u00fan los considerandos de la medida oficial, de acuerdo al an\u00e1lisis efectuado por la Agencia de Administraci\u00f3n de Bienes del Estado, &#8220;resulta que mantener ociosos dichos inmuebles implicar\u00eda desatender intereses prioritarios del Estado Nacional por cuanto las operaciones que se impulsan no s\u00f3lo constituir\u00e1n una fuente de ingresos para el Tesoro Nacional, sino que adem\u00e1s generar\u00e1n un impulso en la econom\u00eda al reactivar diversas actividades productivas, lo que redundar\u00e1 en el mejoramiento de las condiciones de vida de la poblaci\u00f3n&#8221;.<\/p>\n<p>&nbsp;<\/p>\n<p>Adem\u00e1s de este terreno, el Gobierno autoriz\u00f3 la venta de otros dos predios: uno en Campana y otro en Mendoza.<\/p>\n<p>&nbsp;<\/p>\n<p>En el caso de la provincia cuyana, lo que se pondr\u00e1 en venta es un espacio de 24 hect\u00e1reas ubicado en centro de la capital.<\/p>\n<p>&nbsp;<\/p>\n<p>En Campana se vender\u00e1 un predio de 7 hect\u00e1reas ubicado sobre la zona costera.<\/p>\n","protected":false},"excerpt":{"rendered":"<p>Luego de anunciar el remate de residencias diplom\u00e1ticas, el Gobierno autoriz\u00f3 este mi\u00e9rcoles la venta de terrenos estatales ubicados en Puerto Madero &nbsp; &nbsp; &nbsp; &nbsp; &nbsp; &nbsp; &nbsp; La noticia fue confirmada a trav\u00e9s del decreto 1173\/2016, publicado en el Bolet\u00edn Oficial. Se trata de un \u00e1rea de 91,337 metros cuadrados en Catalinas Norte. &nbsp; Seg\u00fan los considerandos de la medida oficial, de acuerdo al an\u00e1lisis efectuado por la Agencia de Administraci\u00f3n de Bienes del Estado, &#8220;resulta que mantener ociosos dichos inmuebles implicar\u00eda desatender intereses prioritarios del Estado Nacional&#8230;<\/p>\n","protected":false},"author":3,"featured_media":4643,"comment_status":"closed","ping_status":"closed","sticky":false,"template":"","format":"standard","meta":[],"categories":[18],"tags":[],"_links":{"self":[{"href":"https:\/\/www.actualidadadiario.com\/index.php\/wp-json\/wp\/v2\/posts\/4642"}],"collection":[{"href":"https:\/\/www.actualidadadiario.com\/index.php\/wp-json\/wp\/v2\/posts"}],"about":[{"href":"https:\/\/www.actualidadadiario.com\/index.php\/wp-json\/wp\/v2\/types\/post"}],"author":[{"embeddable":true,"href":"https:\/\/www.actualidadadiario.com\/index.php\/wp-json\/wp\/v2\/users\/3"}],"replies":[{"embeddable":true,"href":"https:\/\/www.actualidadadiario.com\/index.php\/wp-json\/wp\/v2\/comments?post=4642"}],"version-history":[{"count":1,"href":"https:\/\/www.actualidadadiario.com\/index.php\/wp-json\/wp\/v2\/posts\/4642\/revisions"}],"predecessor-version":[{"id":4644,"href":"https:\/\/www.actualidadadiario.com\/index.php\/wp-json\/wp\/v2\/posts\/4642\/revisions\/4644"}],"wp:featuredmedia":[{"embeddable":true,"href":"https:\/\/www.actualidadadiario.com\/index.php\/wp-json\/wp\/v2\/media\/4643"}],"wp:attachment":[{"href":"https:\/\/www.actualidadadiario.com\/index.php\/wp-json\/wp\/v2\/media?parent=4642"}],"wp:term":[{"taxonomy":"category","embeddable":true,"href":"https:\/\/www.actualidadadiario.com\/index.php\/wp-json\/wp\/v2\/categories?post=4642"},{"taxonomy":"post_tag","embeddable":true,"href":"https:\/\/www.actualidadadiario.com\/index.php\/wp-json\/wp\/v2\/tags?post=4642"}],"curies":[{"name":"wp","href":"https:\/\/api.w.org\/{rel}","templated":true}]}}