{"id":4639,"date":"2016-11-16T10:16:05","date_gmt":"2016-11-16T13:16:05","guid":{"rendered":"http:\/\/actualidadadiario.com\/site\/?p=4639"},"modified":"2016-11-16T10:16:05","modified_gmt":"2016-11-16T13:16:05","slug":"carrio-sera-candidata-en-2017-con-votos-o-sin-votos","status":"publish","type":"post","link":"https:\/\/www.actualidadadiario.com\/index.php\/2016\/11\/16\/carrio-sera-candidata-en-2017-con-votos-o-sin-votos\/","title":{"rendered":"Carri\u00f3 ser\u00e1 candidata en 2017 &#8220;con votos o sin votos&#8221;"},"content":{"rendered":"<p><em><strong>Fue durante una conferencia sobre narcotr\u00e1fico que brind\u00f3 en el Instituto Hannah Arendt<\/strong><\/em><\/p>\n<p>&nbsp;<\/p>\n<p>&nbsp;<\/p>\n<p>&nbsp;<\/p>\n<p>&nbsp;<\/p>\n<p>La jefa de la Coalici\u00f3n C\u00edvica-ARI Elisa Carri\u00f3 confirm\u00f3que va a &#8220;dar la lucha por la Rep\u00fablica en las urnas&#8221; el a\u00f1o pr\u00f3ximo, &#8220;con votos o sin votos&#8221;, aunque no especific\u00f3 por qu\u00e9 distrito se presentar\u00e1 en 2017.<\/p>\n<p>&nbsp;<\/p>\n<p>La socia de Cambiemos revel\u00f3 que la &#8220;convenci\u00f3&#8221; de presentarse &#8220;la victoria de (Donald) Trump en Estados Unidos&#8221;, quien result\u00f3 electo presidente la semana pasada, seg\u00fan dijo durante una conferencia sobre narcotr\u00e1fico que brind\u00f3 en el Instituto Hannah Arendt.<\/p>\n<p>&nbsp;<\/p>\n<p>El anuncio de su candidatura se produjo un d\u00eda despu\u00e9s de la cena que la referente de la Coalici\u00f3n C\u00edvica comparti\u00f3 con el presidente Mauricio Macri en la Residencia de Olivos, que tuvo como objetivo acercar posiciones y mostrar unidad en el seno de Cambiemos, tras las cr\u00edticas de la legisladora.<\/p>\n<p>&nbsp;<\/p>\n<p>Adem\u00e1s, Carri\u00f3 ratific\u00f3 este martes su pertenencia a Cambiemos, aunque pidi\u00f3 &#8220;solucionar ineptitudes propias&#8221;, y atribuy\u00f3 su angioplastia al &#8220;malestar&#8221; por esas &#8220;ineptitudes&#8221; del Gobierno.<\/p>\n<p>&nbsp;<\/p>\n<p>&#8220;La batalla pol\u00edtica por la Rep\u00fablica la voy a dar&#8221;, asegur\u00f3 Carri\u00f3, quien al ser consultada si ser\u00eda &#8220;en las urnas&#8221;, respondi\u00f3: &#8220;S\u00ed&#8221;. &#8220;Estaba decidida a irme de la pol\u00edtica, muy cansada, no sab\u00eda qu\u00e9 iba a hacer, tampoco s\u00e9 claro lo que voy a hacer. Lo que s\u00ed s\u00e9 es que hasta el d\u00eda de mi muerte voy a dar la batalla por la Rep\u00fablica, y si es en las urnas, es en las urnas, con votos, sin votos, y me convenci\u00f3 que yo no pod\u00eda abandonar la victoria de Trump&#8221;, enfatiz\u00f3.<\/p>\n<p>&nbsp;<\/p>\n<p>Si bien Carri\u00f3 es legisladora por la Ciudad de Buenos Aires, traslad\u00f3 su domicilio a la provincia de Buenos Aires, por lo que se especulaba con una posible postulaci\u00f3n a senadora por el mayor distrito del pa\u00eds, aunque este martes dej\u00f3 abierta la inc\u00f3gnita.<\/p>\n<p>&nbsp;<\/p>\n<p>En tanto, precis\u00f3 que con el Presidente la une &#8220;una relaci\u00f3n casi familiar&#8221;, y ampli\u00f3: &#8220;Yo me aburro en las reuniones de gabinete. Hablamos de todo. Hay un sincericidio, discutimos, acordamos, nos divertimos, comemos. \u00c9l no puede creer que yo exista&#8221;.<\/p>\n<p>&nbsp;<\/p>\n<p>&#8220;Voy a controlar que Cambiemos cumpla y respete la Constituci\u00f3n&#8221;, prometi\u00f3 la legisladora, quien pidi\u00f3 al gobierno nacional &#8220;solucionar problemas de ineptitud b\u00e1sicas, porque los errores que hemos tenido han sido por ineptos&#8221;. En ese sentido, record\u00f3 que &#8220;el primer gobierno de (Mauricio) Macri en la Ciudad fue como este gobierno, hab\u00eda estos errores, pero el segundo a\u00f1o fue mejor&#8221;, y afirm\u00f3: &#8220;Geopol\u00edticamente tenemos un rol a cumplir. La batalla que me queda es cu\u00e1l va a ser nuestra geopol\u00edtica&#8221;.<\/p>\n<p>&nbsp;<\/p>\n<p>El encuentro con Macri se concret\u00f3 ayer tras una serie de mensajes cruzados sobre la necesidad de &#8220;profundizar el cambio&#8221; de parte de Carri\u00f3, y el llamado presidencial a superar &#8220;peque\u00f1as diferencias&#8221;.<\/p>\n<p>&nbsp;<\/p>\n<p>La socia de Cambiemos reapareci\u00f3 el pasado s\u00e1bado en Canal 13 luego del reposo obligado que mantuvo tras ser sometida a una angioplastia, y afirm\u00f3 que manten\u00eda intactas sus convicciones: al advertir: &#8220;A m\u00ed no me cambia nadie, ni Cambiemos&#8221;.<\/p>\n","protected":false},"excerpt":{"rendered":"<p>Fue durante una conferencia sobre narcotr\u00e1fico que brind\u00f3 en el Instituto Hannah Arendt &nbsp; &nbsp; &nbsp; &nbsp; La jefa de la Coalici\u00f3n C\u00edvica-ARI Elisa Carri\u00f3 confirm\u00f3que va a &#8220;dar la lucha por la Rep\u00fablica en las urnas&#8221; el a\u00f1o pr\u00f3ximo, &#8220;con votos o sin votos&#8221;, aunque no especific\u00f3 por qu\u00e9 distrito se presentar\u00e1 en 2017. &nbsp; La socia de Cambiemos revel\u00f3 que la &#8220;convenci\u00f3&#8221; de presentarse &#8220;la victoria de (Donald) Trump en Estados Unidos&#8221;, quien result\u00f3 electo presidente la semana pasada, seg\u00fan dijo durante una conferencia sobre narcotr\u00e1fico que brind\u00f3&#8230;<\/p>\n","protected":false},"author":3,"featured_media":4640,"comment_status":"closed","ping_status":"closed","sticky":false,"template":"","format":"standard","meta":[],"categories":[18],"tags":[],"_links":{"self":[{"href":"https:\/\/www.actualidadadiario.com\/index.php\/wp-json\/wp\/v2\/posts\/4639"}],"collection":[{"href":"https:\/\/www.actualidadadiario.com\/index.php\/wp-json\/wp\/v2\/posts"}],"about":[{"href":"https:\/\/www.actualidadadiario.com\/index.php\/wp-json\/wp\/v2\/types\/post"}],"author":[{"embeddable":true,"href":"https:\/\/www.actualidadadiario.com\/index.php\/wp-json\/wp\/v2\/users\/3"}],"replies":[{"embeddable":true,"href":"https:\/\/www.actualidadadiario.com\/index.php\/wp-json\/wp\/v2\/comments?post=4639"}],"version-history":[{"count":1,"href":"https:\/\/www.actualidadadiario.com\/index.php\/wp-json\/wp\/v2\/posts\/4639\/revisions"}],"predecessor-version":[{"id":4641,"href":"https:\/\/www.actualidadadiario.com\/index.php\/wp-json\/wp\/v2\/posts\/4639\/revisions\/4641"}],"wp:featuredmedia":[{"embeddable":true,"href":"https:\/\/www.actualidadadiario.com\/index.php\/wp-json\/wp\/v2\/media\/4640"}],"wp:attachment":[{"href":"https:\/\/www.actualidadadiario.com\/index.php\/wp-json\/wp\/v2\/media?parent=4639"}],"wp:term":[{"taxonomy":"category","embeddable":true,"href":"https:\/\/www.actualidadadiario.com\/index.php\/wp-json\/wp\/v2\/categories?post=4639"},{"taxonomy":"post_tag","embeddable":true,"href":"https:\/\/www.actualidadadiario.com\/index.php\/wp-json\/wp\/v2\/tags?post=4639"}],"curies":[{"name":"wp","href":"https:\/\/api.w.org\/{rel}","templated":true}]}}