{"id":4637,"date":"2016-11-16T10:12:53","date_gmt":"2016-11-16T13:12:53","guid":{"rendered":"http:\/\/actualidadadiario.com\/site\/?p=4637"},"modified":"2016-11-16T10:12:53","modified_gmt":"2016-11-16T13:12:53","slug":"trasladaron-a-la-carcel-a-ledesma-el-femicida-de-concepcion-del-uruguay","status":"publish","type":"post","link":"https:\/\/www.actualidadadiario.com\/index.php\/2016\/11\/16\/trasladaron-a-la-carcel-a-ledesma-el-femicida-de-concepcion-del-uruguay\/","title":{"rendered":"Trasladaron a la c\u00e1rcel a Ledesma, el femicida de Concepci\u00f3n del Uruguay"},"content":{"rendered":"<p><em><strong>El detenido fue dado de alta y alojado en la UP 4. Est\u00e1 imputado por matar a la ex esposa, a dos hijas y al hombre que estaba en pareja con la mujer<\/strong><\/em><\/p>\n<p>&nbsp;<\/p>\n<p>&nbsp;<\/p>\n<p>&nbsp;<\/p>\n<p>&nbsp;<\/p>\n<p>Juan Pablo Ledesma, el detenido por el cu\u00e1druple crimen en el barrio 134 Viviendas de Concepci\u00f3n del Uruguay, se recuper\u00f3 de las lesiones, recibi\u00f3 el alta m\u00e9dica y fue trasladado a la Unidad Penal N\u00b0 4. La noticia se conoci\u00f3 en las primeras horas de la tarde de este martes.<\/p>\n<p>&nbsp;<\/p>\n<p>Pasadas las 15 lleg\u00f3 al penal de Concepci\u00f3n una patrulla del Grupo Especial que traslad\u00f3 al detenido.<\/p>\n<p>&nbsp;<\/p>\n<p>Ledesma est\u00e1 acusado de matar a pu\u00f1aladas a Johana Antonela Carranza, las ni\u00f1as de ambos Luciana, de 5 a\u00f1os, y Candela, de 7, y Carlos Peralta, pareja actual de la mujer. El terrible feminicidio ocurri\u00f3 en la madrugada del lunes 7.<\/p>\n<p>&nbsp;<\/p>\n<p>Con la cabeza gacha y esposado, Ledesma fue bajado del patrullero e ingresado a la unidad penal, fuertemente custodiado, inform\u00f3 el sitio 03442. All\u00ed permanecer\u00e1 alojado mientras dure la investigaci\u00f3n penal preparatoria.<\/p>\n<p>&nbsp;<\/p>\n<p>La causa est\u00e1 en manos de la doctora Melisa R\u00edos, quien est\u00e1 a la espera de los resultados de las autopsias y otras pericias como huellas palmares y cotejos de sangre, pero de acuerdo a lo trascendido este martes, ya habr\u00edan llegado los resultados de la huellas plantares encontradas en el interior de la vivienda, destac\u00e1ndose que todas son de Ledesma, por lo que se corroborar\u00eda que fue \u00e9l quien cerr\u00f3 cada ventana y puerta desde el interior.<\/p>\n<p>&nbsp;<\/p>\n<p>Por otra parte se confirm\u00f3 que el acusado design\u00f3 nuevo abogado defensor, Mario Arcus\u00edn, de Basavilbaso; en tanto que las familias de las v\u00edctimas, pusieron sus abogados y este martes se constituyeron como querellantes los doctores Guillermo Mulet y Rub\u00e9n Alberto Pagliotto, de Paran\u00e1.<\/p>\n<p>&nbsp;<\/p>\n<p>Ledesma est\u00e1 imputado de &#8220;Doble homicidio agravado por el v\u00ednculo&#8221;, en el caso de las hijas; &#8220;Homicidio agravado por el v\u00ednculo y la violencia de g\u00e9nero&#8221; (femicidio) en el caso de la esposa, y &#8220;Homicidio agravado por violencia transversal&#8221;, en el caso de Peralta.<\/p>\n","protected":false},"excerpt":{"rendered":"<p>El detenido fue dado de alta y alojado en la UP 4. Est\u00e1 imputado por matar a la ex esposa, a dos hijas y al hombre que estaba en pareja con la mujer &nbsp; &nbsp; &nbsp; &nbsp; Juan Pablo Ledesma, el detenido por el cu\u00e1druple crimen en el barrio 134 Viviendas de Concepci\u00f3n del Uruguay, se recuper\u00f3 de las lesiones, recibi\u00f3 el alta m\u00e9dica y fue trasladado a la Unidad Penal N\u00b0 4. La noticia se conoci\u00f3 en las primeras horas de la tarde de este martes. &nbsp; Pasadas las&#8230;<\/p>\n","protected":false},"author":3,"featured_media":4544,"comment_status":"closed","ping_status":"closed","sticky":false,"template":"","format":"standard","meta":[],"categories":[15],"tags":[],"_links":{"self":[{"href":"https:\/\/www.actualidadadiario.com\/index.php\/wp-json\/wp\/v2\/posts\/4637"}],"collection":[{"href":"https:\/\/www.actualidadadiario.com\/index.php\/wp-json\/wp\/v2\/posts"}],"about":[{"href":"https:\/\/www.actualidadadiario.com\/index.php\/wp-json\/wp\/v2\/types\/post"}],"author":[{"embeddable":true,"href":"https:\/\/www.actualidadadiario.com\/index.php\/wp-json\/wp\/v2\/users\/3"}],"replies":[{"embeddable":true,"href":"https:\/\/www.actualidadadiario.com\/index.php\/wp-json\/wp\/v2\/comments?post=4637"}],"version-history":[{"count":1,"href":"https:\/\/www.actualidadadiario.com\/index.php\/wp-json\/wp\/v2\/posts\/4637\/revisions"}],"predecessor-version":[{"id":4638,"href":"https:\/\/www.actualidadadiario.com\/index.php\/wp-json\/wp\/v2\/posts\/4637\/revisions\/4638"}],"wp:featuredmedia":[{"embeddable":true,"href":"https:\/\/www.actualidadadiario.com\/index.php\/wp-json\/wp\/v2\/media\/4544"}],"wp:attachment":[{"href":"https:\/\/www.actualidadadiario.com\/index.php\/wp-json\/wp\/v2\/media?parent=4637"}],"wp:term":[{"taxonomy":"category","embeddable":true,"href":"https:\/\/www.actualidadadiario.com\/index.php\/wp-json\/wp\/v2\/categories?post=4637"},{"taxonomy":"post_tag","embeddable":true,"href":"https:\/\/www.actualidadadiario.com\/index.php\/wp-json\/wp\/v2\/tags?post=4637"}],"curies":[{"name":"wp","href":"https:\/\/api.w.org\/{rel}","templated":true}]}}