{"id":4628,"date":"2016-11-16T10:01:11","date_gmt":"2016-11-16T13:01:11","guid":{"rendered":"http:\/\/actualidadadiario.com\/site\/?p=4628"},"modified":"2016-11-16T10:01:11","modified_gmt":"2016-11-16T13:01:11","slug":"alerta-meteorologico-por-tormentas-fuertes-en-entre-rios","status":"publish","type":"post","link":"https:\/\/www.actualidadadiario.com\/index.php\/2016\/11\/16\/alerta-meteorologico-por-tormentas-fuertes-en-entre-rios\/","title":{"rendered":"Alerta meteorol\u00f3gico por tormentas fuertes en Entre R\u00edos"},"content":{"rendered":"<p><em><strong>Se prev\u00e9 que algunas tormentas puedan ser localmente fuertes estando acompa\u00f1adas de fuertes r\u00e1fagas, chaparrones intensos, ca\u00edda de granizo e importante actividad el\u00e9ctrica<\/strong><\/em><\/p>\n<p>&nbsp;<\/p>\n<p>&nbsp;<\/p>\n<p>&nbsp;<\/p>\n<p>&nbsp;<\/p>\n<p>&nbsp;<\/p>\n<p>&nbsp;<\/p>\n<p>El Servicio Meteorol\u00f3gico Nacional (SMN) emiti\u00f3 a las 2 de este mi\u00e9rcoles un alerta por tormentas fuertes que abarca el sur y centro de Entre R\u00edos, norte de Buenos Aires, este de La Rioja, centro y norte de San Luis y centro y sur de Santa Fe.<\/p>\n<p>&nbsp;<\/p>\n<p>&nbsp;<\/p>\n<p>Se\u00f1ala al respecto, que &#8220;sobre la zona de cobertura se desarrollan tormentas aisladas de variada intensidad que afectan parcialmente el \u00e1rea&#8221;.<\/p>\n<p>&nbsp;<\/p>\n<p>&nbsp;<\/p>\n<p>Se prev\u00e9 que &#8220;algunas tormentas puedan ser localmente fuertes estando acompa\u00f1adas de fuertes r\u00e1fagas, chaparrones intensos, ca\u00edda de granizo e importante actividad el\u00e9ctrica&#8221;.<\/p>\n","protected":false},"excerpt":{"rendered":"<p>Se prev\u00e9 que algunas tormentas puedan ser localmente fuertes estando acompa\u00f1adas de fuertes r\u00e1fagas, chaparrones intensos, ca\u00edda de granizo e importante actividad el\u00e9ctrica &nbsp; &nbsp; &nbsp; &nbsp; &nbsp; &nbsp; El Servicio Meteorol\u00f3gico Nacional (SMN) emiti\u00f3 a las 2 de este mi\u00e9rcoles un alerta por tormentas fuertes que abarca el sur y centro de Entre R\u00edos, norte de Buenos Aires, este de La Rioja, centro y norte de San Luis y centro y sur de Santa Fe. &nbsp; &nbsp; Se\u00f1ala al respecto, que &#8220;sobre la zona de cobertura se desarrollan tormentas&#8230;<\/p>\n","protected":false},"author":3,"featured_media":4629,"comment_status":"closed","ping_status":"closed","sticky":false,"template":"","format":"standard","meta":[],"categories":[15],"tags":[],"_links":{"self":[{"href":"https:\/\/www.actualidadadiario.com\/index.php\/wp-json\/wp\/v2\/posts\/4628"}],"collection":[{"href":"https:\/\/www.actualidadadiario.com\/index.php\/wp-json\/wp\/v2\/posts"}],"about":[{"href":"https:\/\/www.actualidadadiario.com\/index.php\/wp-json\/wp\/v2\/types\/post"}],"author":[{"embeddable":true,"href":"https:\/\/www.actualidadadiario.com\/index.php\/wp-json\/wp\/v2\/users\/3"}],"replies":[{"embeddable":true,"href":"https:\/\/www.actualidadadiario.com\/index.php\/wp-json\/wp\/v2\/comments?post=4628"}],"version-history":[{"count":1,"href":"https:\/\/www.actualidadadiario.com\/index.php\/wp-json\/wp\/v2\/posts\/4628\/revisions"}],"predecessor-version":[{"id":4630,"href":"https:\/\/www.actualidadadiario.com\/index.php\/wp-json\/wp\/v2\/posts\/4628\/revisions\/4630"}],"wp:featuredmedia":[{"embeddable":true,"href":"https:\/\/www.actualidadadiario.com\/index.php\/wp-json\/wp\/v2\/media\/4629"}],"wp:attachment":[{"href":"https:\/\/www.actualidadadiario.com\/index.php\/wp-json\/wp\/v2\/media?parent=4628"}],"wp:term":[{"taxonomy":"category","embeddable":true,"href":"https:\/\/www.actualidadadiario.com\/index.php\/wp-json\/wp\/v2\/categories?post=4628"},{"taxonomy":"post_tag","embeddable":true,"href":"https:\/\/www.actualidadadiario.com\/index.php\/wp-json\/wp\/v2\/tags?post=4628"}],"curies":[{"name":"wp","href":"https:\/\/api.w.org\/{rel}","templated":true}]}}