{"id":4625,"date":"2016-11-16T10:00:17","date_gmt":"2016-11-16T13:00:17","guid":{"rendered":"http:\/\/actualidadadiario.com\/site\/?p=4625"},"modified":"2016-11-16T10:00:17","modified_gmt":"2016-11-16T13:00:17","slug":"proyectan-instalar-comisarias-de-la-mujer-en-cada-cabecera-departamental","status":"publish","type":"post","link":"https:\/\/www.actualidadadiario.com\/index.php\/2016\/11\/16\/proyectan-instalar-comisarias-de-la-mujer-en-cada-cabecera-departamental\/","title":{"rendered":"Proyectan instalar Comisar\u00edas de la Mujer en cada cabecera departamental"},"content":{"rendered":"<p><em><strong>El proyecto de ley tuvo ayer dictamen de Comisi\u00f3n y ser\u00e1 tratado en la pr\u00f3xima sesi\u00f3n de la C\u00e1mara de Diputados. Dispone la instalaci\u00f3n de Comisar\u00edas de la Mujer en todas las cabeceras de Departamento<\/strong><\/em><\/p>\n<p>&nbsp;<\/p>\n<p>&nbsp;<\/p>\n<p>&nbsp;<\/p>\n<p>&nbsp;<\/p>\n<p>&nbsp;<\/p>\n<p>&#8220;Cr\u00e9anse las comisar\u00edas de la Mujer y la Familia que funcionar\u00e1n en la \u00f3rbita de la Polic\u00eda de la Provincia de Entre R\u00edos las cuales deber\u00e1n establecerse, como m\u00ednimo, una en cada Municipio cabecera de Departamento; sin perjuicio de la posterior creaci\u00f3n de nuevas delegaciones en el resto del territorio, en funci\u00f3n de las necesidades y requerimientos&#8221;, expresa la iniciativa que impulsa la diputada Miriam Lambert.<\/p>\n<p>&nbsp;<\/p>\n<p>Ayer, la Banca de la Mujer de la C\u00e1mara de Diputados dio dictamen favorable, en forma un\u00e1nime, al proyecto.<\/p>\n<p>&nbsp;<\/p>\n<p>Las funciones de las Comisar\u00edas ser\u00e1n &#8220;garantizar el derecho a ser escuchados en un espacio de comprensi\u00f3n y buen trato; asesorar a los denunciantes sobre los derechos que les asisten y deber\u00e1n articular sus acciones con las \u00e1reas de cada municipio, en especial con las \u00e1reas mujer, diversidad sexual e identidad de g\u00e9nero; de ni\u00f1ez, adolescencia y familia; fortalecer la red comunitaria con las instituciones de salud, educativas y con las ONGs que trabajan en la problem\u00e1tica de violencia&#8221;.<\/p>\n<p>&nbsp;<\/p>\n<p>Adem\u00e1s crea, dentro de la Polic\u00eda de Entre R\u00edos, la Direcci\u00f3n de las Comisar\u00edas de la Mujer y la Familia, la cual estar\u00e1 a cargo de una mujer miembro de la fuerza policial que acredite formaci\u00f3n y experiencia en la tem\u00e1tica.<\/p>\n<p>&nbsp;<\/p>\n<p>Las funciones de la Direcci\u00f3n ser\u00e1n &#8220;garantizar criterios unificados en pol\u00edticas de g\u00e9nero dentro de la fuerza; establecer mecanismos de capacitaci\u00f3n permanente del personal afectado a las mismas; elaborar diagn\u00f3sticos que permitan dise\u00f1ar los planes y programas de atenci\u00f3n en las unidades policiales para la debida asistencia a las v\u00edctimas&#8221;, entre otras.<\/p>\n<p>&nbsp;<\/p>\n<p>&#8220;Hoy es un d\u00eda muy importante para m\u00ed, dimos un paso m\u00e1s, desde los cuatro a\u00f1os de la gesti\u00f3n pasada, a trav\u00e9s de la Secretar\u00eda de Pol\u00edticas Sociales y Salud del Municipio de Col\u00f3n, me propuse abordar la tem\u00e1tica de la violencia de g\u00e9nero&#8221; hizo saber la legisladora quien record\u00f3 que la gesti\u00f3n realizada en Col\u00f3n donde el 11 de marzo del a\u00f1os pasado, &#8220;un sue\u00f1o se hace realidad, el que nos llena de orgullo por ser el 2\u00b0 inaugurado en el pa\u00eds, el &#8220;Hogar Yanina&#8221;, un espacio transitorio para la contenci\u00f3n, asistencia, acompa\u00f1amiento, asesoramiento y empoderamiento de las mujeres v\u00edctimas de la violencia&#8221;. Agrega que &#8220;de esa manera se comienza a trabajar no solo en la ciudad de Col\u00f3n, sino formando una red en el departamento, articulando acciones con el sector educativo, salud, polic\u00eda, justicia, municipios e instituciones&#8221;.<\/p>\n<p>&nbsp;<\/p>\n<p>El proyecto establece que &#8220;las Comisar\u00edas de la Mujer y la Familia deber\u00e1n organizar sus recursos materiales, humanos y el espacio f\u00edsico necesario que permitan garantizar de modo apropiado la denuncia, contenci\u00f3n, tratamiento y articulaci\u00f3n de situaciones de desprotecci\u00f3n, violencia, abuso, maltrato, y otras de similar naturaleza que afecten a la mujer y a la familia&#8221;.<\/p>\n<p>&nbsp;<\/p>\n<p>Dispone que tendr\u00e1 &#8220;car\u00e1cter obligatorio la formaci\u00f3n y capacitaci\u00f3n permanente del personal afectado a estas Comisar\u00edas en la tem\u00e1tica de la violencia&#8221;.<\/p>\n<p>&nbsp;<\/p>\n<p>En los fundamentos del proyecto ingresado en el mes de abril, la autora se\u00f1ala que &#8220;el flagelo de la violencia hacia la mujer cuyo desenlace fatal son los femicidios que tantas vidas de mujeres se cobra a\u00f1o tras a\u00f1o y del cual nuestra provincia no est\u00e1 ajena, as\u00ed como el maltrato infantil que vulnera los derechos de los ni\u00f1os, ni\u00f1as y adolescentes sufren las consecuencias de siglos de opresi\u00f3n y discriminaci\u00f3n&#8221;.<\/p>\n<p>&nbsp;<\/p>\n<p>Cita la Constituci\u00f3n Nacional que en la Reforma de 1994 incorpora la Convenci\u00f3n Internacional para la Eliminaci\u00f3n de todas las formas de Discriminaci\u00f3n contra la Mujer, y la Convenci\u00f3n Internacional de los Derechos del Ni\u00f1o, y la ley Nacional 24632 que ratifica en 1996 los t\u00e9rminos de la Convenci\u00f3n Interamericana para Prevenir, Sancionar y Erradicar la Violencia contra la Mujer, de junio de 1994, Belem Do Par\u00e1.<\/p>\n<p>&nbsp;<\/p>\n<p>Asimismo recuerda que en virtud de cumplir con los compromisos asumidos internacionalmente el Estado argentino en el a\u00f1o 2009 dicta la Ley Nacional 26.485 De protecci\u00f3n integral para prevenir, sancionar y erradicar la violencia contra las mujeres en los \u00e1mbitos en que desarrollen sus relaciones interpersonales y establece en su art\u00edculo 7\u00ba que los tres poderes del Estado, sean del \u00e1mbito nacional o provincial, adoptar\u00e1n las medidas necesarias y ratificar\u00e1n en cada una de sus actuaciones el respeto irrestricto del derecho constitucional a la igualdad entre mujeres y varones.<\/p>\n<p>&nbsp;<\/p>\n<p>En ese repaso de normas agrega que a nivel provincial est\u00e1n vigentes las leyes 9198 de Prevenci\u00f3n de la violencia familiar; protecci\u00f3n y asistencia integral de las personas involucradas en la problem\u00e1tica que en su art\u00edculo 5 reza &#8220;en toda dependencia policial de la provincia habr\u00e1 personal femenino capacitado, para recepcionar las denuncias relacionadas con la tem\u00e1tica de la presente ley&#8221; y la ley 9861 De Protecci\u00f3n Integral de los Derechos del Ni\u00f1o, el Adolescente y la Familia.<\/p>\n<p>&nbsp;<\/p>\n<p>Es en ese marco normativo y en virtud del deber del estado de garantizar los derechos y de trabajar en pos de la prevenci\u00f3n y erradicaci\u00f3n de la violencia que la legisladora consider\u00f3 la necesidad de que mujeres, ni\u00f1os, ni\u00f1as y adolescentes cuenten con instancias especializadas, con personal especializado y recursos para hacer efectivo el cumplimiento de los derechos previstos en las normativas internacionales, nacional y provinciales.<\/p>\n<p>&nbsp;<\/p>\n<p>Entiende as\u00ed que las comisar\u00edas de la Mujer y la familia ser\u00e1n un lugar espec\u00edfico y contenedor dentro del marco institucional, que sirva para la atenci\u00f3n primaria de las personas v\u00edctimas de violencia y\/o vulneraci\u00f3n de derechos ya que las comisar\u00edas actualmente no tienen personal id\u00f3neo calificado para atender estas problem\u00e1ticas y la v\u00edctima en lugar de ser tratada como tal, en muchas ocasiones es victimizada nuevamente. Asimismo se garantizar\u00eda el abordaje integral entre los diversos actores del Estado y de la sociedad ya que existe una corresponsabilidad de los mismos.<\/p>\n","protected":false},"excerpt":{"rendered":"<p>El proyecto de ley tuvo ayer dictamen de Comisi\u00f3n y ser\u00e1 tratado en la pr\u00f3xima sesi\u00f3n de la C\u00e1mara de Diputados. Dispone la instalaci\u00f3n de Comisar\u00edas de la Mujer en todas las cabeceras de Departamento &nbsp; &nbsp; &nbsp; &nbsp; &nbsp; &#8220;Cr\u00e9anse las comisar\u00edas de la Mujer y la Familia que funcionar\u00e1n en la \u00f3rbita de la Polic\u00eda de la Provincia de Entre R\u00edos las cuales deber\u00e1n establecerse, como m\u00ednimo, una en cada Municipio cabecera de Departamento; sin perjuicio de la posterior creaci\u00f3n de nuevas delegaciones en el resto del territorio,&#8230;<\/p>\n","protected":false},"author":3,"featured_media":4626,"comment_status":"closed","ping_status":"closed","sticky":false,"template":"","format":"standard","meta":[],"categories":[15],"tags":[],"_links":{"self":[{"href":"https:\/\/www.actualidadadiario.com\/index.php\/wp-json\/wp\/v2\/posts\/4625"}],"collection":[{"href":"https:\/\/www.actualidadadiario.com\/index.php\/wp-json\/wp\/v2\/posts"}],"about":[{"href":"https:\/\/www.actualidadadiario.com\/index.php\/wp-json\/wp\/v2\/types\/post"}],"author":[{"embeddable":true,"href":"https:\/\/www.actualidadadiario.com\/index.php\/wp-json\/wp\/v2\/users\/3"}],"replies":[{"embeddable":true,"href":"https:\/\/www.actualidadadiario.com\/index.php\/wp-json\/wp\/v2\/comments?post=4625"}],"version-history":[{"count":1,"href":"https:\/\/www.actualidadadiario.com\/index.php\/wp-json\/wp\/v2\/posts\/4625\/revisions"}],"predecessor-version":[{"id":4627,"href":"https:\/\/www.actualidadadiario.com\/index.php\/wp-json\/wp\/v2\/posts\/4625\/revisions\/4627"}],"wp:featuredmedia":[{"embeddable":true,"href":"https:\/\/www.actualidadadiario.com\/index.php\/wp-json\/wp\/v2\/media\/4626"}],"wp:attachment":[{"href":"https:\/\/www.actualidadadiario.com\/index.php\/wp-json\/wp\/v2\/media?parent=4625"}],"wp:term":[{"taxonomy":"category","embeddable":true,"href":"https:\/\/www.actualidadadiario.com\/index.php\/wp-json\/wp\/v2\/categories?post=4625"},{"taxonomy":"post_tag","embeddable":true,"href":"https:\/\/www.actualidadadiario.com\/index.php\/wp-json\/wp\/v2\/tags?post=4625"}],"curies":[{"name":"wp","href":"https:\/\/api.w.org\/{rel}","templated":true}]}}