{"id":4622,"date":"2016-11-16T09:59:33","date_gmt":"2016-11-16T12:59:33","guid":{"rendered":"http:\/\/actualidadadiario.com\/site\/?p=4622"},"modified":"2016-11-16T09:59:33","modified_gmt":"2016-11-16T12:59:33","slug":"capacitacion-a-agentes-sanitarios-en-el-abordaje-de-situaciones-de-violencia-de-genero","status":"publish","type":"post","link":"https:\/\/www.actualidadadiario.com\/index.php\/2016\/11\/16\/capacitacion-a-agentes-sanitarios-en-el-abordaje-de-situaciones-de-violencia-de-genero\/","title":{"rendered":"Capacitaci\u00f3n a agentes sanitarios en el abordaje de situaciones de violencia de g\u00e9nero"},"content":{"rendered":"<p><em><strong>El Ministerio de Salud, a trav\u00e9s de un trabajo conjunto de las direcciones de Salud Mental y de Primer Nivel de Atenci\u00f3n, desarroll\u00f3 la jornada de \u201cPrevenci\u00f3n y de Sensibilizaci\u00f3n en Violencia de G\u00e9nero\u201d, destinada a agentes sanitarios de la provincia<\/strong><\/em><\/p>\n<p>&nbsp;<\/p>\n<p>&nbsp;<\/p>\n<p>&nbsp;<\/p>\n<p>&nbsp;<\/p>\n<p>M\u00e1s de treinta agentes sanitarios de Paran\u00e1, Paran\u00e1 Campa\u00f1a, y Diamante participaron del encuentro, llevado a cabo en la Facultad de Trabajo Social, con sede en Paran\u00e1, de la Universidad Nacional de Entre R\u00edos (Paran\u00e1).<\/p>\n<p>&nbsp;<\/p>\n<p>Los ejes trabajados fueron, \u201cdistinci\u00f3n entre sexo y g\u00e9nero, violencia de g\u00e9nero, el rol del sistema sanitario en estos casos, y la funci\u00f3n del agente sanitario\u201d, especific\u00f3 la responsable de la Unidad de Gesti\u00f3n de Pol\u00edticas Preventivas de las Violencias en las Relaciones de G\u00e9nero del Ministerio de Salud, Alicia Vides. Cabe se\u00f1alar que tambi\u00e9n se abordaron algunos aspectos del marco regulatorio establecido por la Ley Nacional de Protecci\u00f3n Integral de las Mujeres N\u00b0 26.485, sancionada en 2009.<\/p>\n<p>&nbsp;<\/p>\n<p>La actividad se inscribi\u00f3 en el trabajo anual de informaci\u00f3n y sensibilizaci\u00f3n realizado por la Unidad de Gesti\u00f3n de Pol\u00edticas Preventivas de las Violencias en las Relaciones de G\u00e9nero, dependiente de la Direcci\u00f3n de Salud Mental y Adicciones, y el Programa Agentes Sanitarios y Educaci\u00f3n para la Salud, de la Direcci\u00f3n del Primer Nivel de Atenci\u00f3n.<\/p>\n<p>&nbsp;<\/p>\n<p>\u201cFundamentalmente se definieron pertinencia e incumbencias de cada uno de los sectores, ya que se trata de una tem\u00e1tica que se debe abordar de manera intersectorial. Se trabaj\u00f3 en torno al rol del agente sanitario como actor centrar en el primer nivel de atenci\u00f3n, y como articulador de los dem\u00e1s sectores\u201d, indic\u00f3 el director de Salud Mental y Adicciones, Carlos Berbara. A su vez, \u201cabordamos la distribuci\u00f3n del recurso humano perteneciente a la red sanitaria, a fin de tener una panorama a nivel provincial de los equipos con los que contamos para atender estas demandas\u201d, se\u00f1al\u00f3 el funcionario.<\/p>\n<p>&nbsp;<\/p>\n<p>&nbsp;<\/p>\n<p>&nbsp;<\/p>\n<p>&nbsp;<\/p>\n<p>&nbsp;<\/p>\n<p>&nbsp;<\/p>\n<p><strong>Distinci\u00f3n entre persona violenta y persona con padecimiento mentales <\/strong><\/p>\n<p>Otro de los temas desarrollados en el encuentro fue la distinci\u00f3n entre situaciones de violencia y problem\u00e1ticas de salud mental. \u201cUn aspecto central, que hace al trabaj\u00f3 t\u00e9cnico que nos dimos, fue despegar la situaciones de violencia en general, de los fen\u00f3menos psicopatol\u00f3gicos o de las enfermedades mentales\u201d, aclar\u00f3 el titular de Salud Mental. A su vez subray\u00f3 \u201ccomo idea equivocada\u201d aquella por la cual se asocia a un agresor con una persona con padecimientos mentales. \u201cEsta idea, adem\u00e1s de ser err\u00f3nea, tiende a reforzar un estigma que recae sobre las personas que atraviesan por un padecimiento mental, dificultando a\u00fan m\u00e1s su recuperaci\u00f3n y re inserci\u00f3n social\u201d, explic\u00f3 Berbara.<\/p>\n<p>&nbsp;<\/p>\n<p>\u201cTambi\u00e9n trabajamos sobre el modo de abordaje y acompa\u00f1amiento que debemos brindar a las personas v\u00edctimas de violencia. Comprendiendo que l\u00f3gicamente la vulneraci\u00f3n de los derechos m\u00e1s \u00edntimos de las personas generan angustia, desesperanza, y esto amerita un estrecho acompa\u00f1amiento por parte de los profesionales de salud\u201d, continu\u00f3 desarrollando el funcionario de Salud Mental. Respecto a quien genera la agresi\u00f3n, Berbara volvi\u00f3 sobre la idea de que es el sistema de seguridad quien debe intervenir en mayor medida, \u201cdeslind\u00e1ndolos de los procesos terap\u00e9uticos que requieren las personas con dolencias mentales\u201d.<\/p>\n","protected":false},"excerpt":{"rendered":"<p>El Ministerio de Salud, a trav\u00e9s de un trabajo conjunto de las direcciones de Salud Mental y de Primer Nivel de Atenci\u00f3n, desarroll\u00f3 la jornada de \u201cPrevenci\u00f3n y de Sensibilizaci\u00f3n en Violencia de G\u00e9nero\u201d, destinada a agentes sanitarios de la provincia &nbsp; &nbsp; &nbsp; &nbsp; M\u00e1s de treinta agentes sanitarios de Paran\u00e1, Paran\u00e1 Campa\u00f1a, y Diamante participaron del encuentro, llevado a cabo en la Facultad de Trabajo Social, con sede en Paran\u00e1, de la Universidad Nacional de Entre R\u00edos (Paran\u00e1). &nbsp; Los ejes trabajados fueron, \u201cdistinci\u00f3n entre sexo y g\u00e9nero,&#8230;<\/p>\n","protected":false},"author":3,"featured_media":4623,"comment_status":"closed","ping_status":"closed","sticky":false,"template":"","format":"standard","meta":[],"categories":[15],"tags":[],"_links":{"self":[{"href":"https:\/\/www.actualidadadiario.com\/index.php\/wp-json\/wp\/v2\/posts\/4622"}],"collection":[{"href":"https:\/\/www.actualidadadiario.com\/index.php\/wp-json\/wp\/v2\/posts"}],"about":[{"href":"https:\/\/www.actualidadadiario.com\/index.php\/wp-json\/wp\/v2\/types\/post"}],"author":[{"embeddable":true,"href":"https:\/\/www.actualidadadiario.com\/index.php\/wp-json\/wp\/v2\/users\/3"}],"replies":[{"embeddable":true,"href":"https:\/\/www.actualidadadiario.com\/index.php\/wp-json\/wp\/v2\/comments?post=4622"}],"version-history":[{"count":1,"href":"https:\/\/www.actualidadadiario.com\/index.php\/wp-json\/wp\/v2\/posts\/4622\/revisions"}],"predecessor-version":[{"id":4624,"href":"https:\/\/www.actualidadadiario.com\/index.php\/wp-json\/wp\/v2\/posts\/4622\/revisions\/4624"}],"wp:featuredmedia":[{"embeddable":true,"href":"https:\/\/www.actualidadadiario.com\/index.php\/wp-json\/wp\/v2\/media\/4623"}],"wp:attachment":[{"href":"https:\/\/www.actualidadadiario.com\/index.php\/wp-json\/wp\/v2\/media?parent=4622"}],"wp:term":[{"taxonomy":"category","embeddable":true,"href":"https:\/\/www.actualidadadiario.com\/index.php\/wp-json\/wp\/v2\/categories?post=4622"},{"taxonomy":"post_tag","embeddable":true,"href":"https:\/\/www.actualidadadiario.com\/index.php\/wp-json\/wp\/v2\/tags?post=4622"}],"curies":[{"name":"wp","href":"https:\/\/api.w.org\/{rel}","templated":true}]}}