{"id":4619,"date":"2016-11-16T09:58:34","date_gmt":"2016-11-16T12:58:34","guid":{"rendered":"http:\/\/actualidadadiario.com\/site\/?p=4619"},"modified":"2016-11-16T09:58:34","modified_gmt":"2016-11-16T12:58:34","slug":"ministros-expusieron-ante-la-comision-de-presupuesto-de-diputados","status":"publish","type":"post","link":"https:\/\/www.actualidadadiario.com\/index.php\/2016\/11\/16\/ministros-expusieron-ante-la-comision-de-presupuesto-de-diputados\/","title":{"rendered":"Ministros expusieron ante la Comisi\u00f3n de Presupuesto de Diputados"},"content":{"rendered":"<p><em><strong>Los ministros de Planeamiento, Luis Benedetto, de Desarrollo Social, Laura Stratta, y de Salud, Ariel De La Rosa, expusieron ante la Comisi\u00f3n de Presupuesto de la C\u00e1mara de Diputados, los respectivos presupuestos para el ejercicio 2017. Posteriormente a sus exposiciones, se dio lugar a las preguntas de los legisladores<\/strong><\/em><\/p>\n<p>&nbsp;<\/p>\n<p>&nbsp;<\/p>\n<p>&nbsp;<\/p>\n<p>&nbsp;<\/p>\n<p>Al hacer uso de la palabra el ministro de Planeamiento, Luis Benedetto, acompa\u00f1ado por el secretario de Planeamiento, Marcelo Richard, y de la directora General de Presupuesto, Ingrid Antilaf, destac\u00f3 que el proyecto de presupuesto presentado a la legislatura, \u201crefleja el compromiso asumido por el gobernador Gustavo Bordet, en dar prioridad a aquellas obras que beneficien fundamentalmente la calidad de vida de los entrerrianos\u201d.<\/p>\n<p>&nbsp;<\/p>\n<p>En ese contexto, Benedetto remarc\u00f3 que \u201cel objetivo es alcanzar un presupuesto que haya sido analizado en su real complejidad, donde exista la posibilidad de, si se llega a tiempo, modificar algunos componentes que se requieran, tal como lo ha dispuesto el gobernador Bordet\u201d.<\/p>\n<p>&nbsp;<\/p>\n<p>Continuando con su exposici\u00f3n, el titular de la cartera de Planeamiento explic\u00f3 que \u201c el presupuesto total del ministerio incluye como \u00e1reas directas lo que es Obras Sanitarias, Subsecretaria de Arquitectura, y la direcci\u00f3n de Hidr\u00e1ulica, el cual desagregado est\u00e1 compuesto por aportes del tesoro provincial, que es lo que en forma directa podemos usar de recursos, y tambi\u00e9n tenemos aportes nacionales y usos de cr\u00e9ditos, que completan el monto total del presupuesto elaborado para el ejercicio 2017\u201d.<\/p>\n<p>&nbsp;<\/p>\n<p>\u201cCabe aclarar que los aportes nacionales hoy no son del cien por ciento sino que son con un porcentaje de 66 la naci\u00f3n y 34 por ciento que se hace cargo la provincia, el cual est\u00e1 incorporado en el presupuesto\u201d, indic\u00f3.<\/p>\n<p>&nbsp;<\/p>\n<p>En ese sentido, Benedetto mencion\u00f3 que \u201cestamos trabajando en com\u00fan acuerdo con el gobierno nacional, adhiriendo a la prioridad de las obras de saneamiento. Por lo tanto el Gobernador nos ha pedido darle prioridad a lo que es obras de agua, de cloacas, y de las plantas de tratamiento de efluentes\u201d.<\/p>\n<p>&nbsp;<\/p>\n<p>Al referirse a las obras de infraestructura escolar, Benedetto detall\u00f3 que \u201cnuestro programa ambicioso es de recuperaci\u00f3n de escuelas y las escuelas nuevas hacerlas a trav\u00e9s de la Unidad Ejecutora Provincial, que tiene fondos destinados a las escuelas nuevas, y utilizar los fondos del presupuesto para la recuperaci\u00f3n de aquellos establecimientos que requieren intervenciones que permitan un desarrollo adecuado de las actividades\u201d.<\/p>\n<p>&nbsp;<\/p>\n<p>En ese sentido, indic\u00f3 que: \u201cHemos previsto un Plan de Verano para intervenciones menores, donde se incluyen alrededor de 197 escuelas, que estamos pr\u00e1cticamente cerr\u00e1ndolo, analizando de donde vamos a tomar los fondos, y planificando trabajar con cuadrillas propias que existen en educaci\u00f3n, como tambi\u00e9n el \u00e1rea de arquitectura y de servicios generales, y el resto con peque\u00f1os emprendimientos que nos puedan dar un resultado en algunos lugares m\u00e1s alejados\u201d.<\/p>\n<p>&nbsp;<\/p>\n<p>Finalmente, el funcionario provincial detall\u00f3 que \u201cse aplic\u00f3 una metodolog\u00eda de trabajo desde el \u00e1rea de Planificaci\u00f3n a trav\u00e9s de la Secretaria de Inversi\u00f3n P\u00fablica, dependiente del ministerio de Planeamiento, donde se realiz\u00f3 un an\u00e1lisis del presupuesto 2016, y a posteriori se estableci\u00f3 un contacto con cada uno de los departamentos a trav\u00e9s de los municipios y se hizo una ronda, tambi\u00e9n con algunos legisladores, para poder ir viendo las necesidades. De ah\u00ed surgieron prioridades y son las que fueron volcadas en este presupuesto\u201d.<\/p>\n<p>&nbsp;<\/p>\n<p>&nbsp;<\/p>\n<p>&nbsp;<\/p>\n<p>&nbsp;<\/p>\n<p>&nbsp;<\/p>\n<p>&nbsp;<\/p>\n<p><strong>Salud: equipamiento, recursos humanos, medicamentos e insumos <\/strong><\/p>\n<p>El ministro de Salud, Ariel de la Rosa, fue el tercero en brindar su exposici\u00f3n ante la Comisi\u00f3n de Hacienda, Presupuesto y Cuentas de la C\u00e1mara de Diputados. En ese marco refiri\u00f3 que para la cartera sanitaria el presupuesto global es de 6.300 millones, el 80 por ciento de masa salarial y el 20 por ciento para los gastos de funcionamiento.<\/p>\n<p>&nbsp;<\/p>\n<p>Del trabajo en conjunto con la Comisi\u00f3n de Presupuesto, De la Rosa resalt\u00f3 la posibilidad de &#8220;discutir mano a mano el presupuesto 2017&#8221;. En ese sentido, agreg\u00f3: &#8220;Justificar, demostrar y fundamentar determinadas asignaciones, nos trae mucha tranquilidad y fortaleza en la gesti\u00f3n&#8221;.<\/p>\n<p>&nbsp;<\/p>\n<p>Concretamente el monto ser\u00e1 aplicado &#8220;a la regionalizaci\u00f3n, la valorizaci\u00f3n del recurso humano calificado del Ministerio de Salud y a un grado mayor de equipamiento y nuevas pol\u00edticas de medicamentos e insumos&#8221;, puntualiz\u00f3.<\/p>\n<p>&nbsp;<\/p>\n<p>La incorporaci\u00f3n del \u00edtem \u201cbienes de uso y capital\u201d en el Presupuesto 2017, permitir\u00e1 una mejor planificaci\u00f3n estrat\u00e9gica para la compra de equipamiento. Tambi\u00e9n se contempla una nueva pol\u00edtica de compra centralizada mediante licitaciones abiertas, con el objetivo de asegurar la provisi\u00f3n de insumos y medicamentos optimizando el gasto.<\/p>\n<p>&nbsp;<\/p>\n<p>En infraestructura lo presupuestado est\u00e1 destinado a poner en valor diferentes instituciones en funcionamiento: arreglar, mejorar, ampliar y refuncionalizar.<\/p>\n<p>&nbsp;<\/p>\n<p>La regionalizaci\u00f3n sanitaria apunta a la racionalizaci\u00f3n de recursos materiales, humanos y operativos teniendo en cuenta la distribuci\u00f3n demogr\u00e1fica. En este sentido, el ministro indic\u00f3 que la provincia comenz\u00f3 la regionalizaci\u00f3n con el componente materno infantil, adhiriendo a las Condiciones Obst\u00e9tricas y Neonatales Esenciales (CONE). Y con el objetivo de disminuir la mortalidad materna y neonatal temprana, se empez\u00f3 a exigir las mismas condiciones a los prestadores del sector privado. &#8220;Actualmente son nueve las maternidades que cumplen con los requisitos y hay otras 20 que est\u00e1n en camino de certificar con estas condiciones&#8221;, avanz\u00f3.<\/p>\n<p>&nbsp;<\/p>\n<p>La pol\u00edtica de recursos humanos est\u00e1 enfocada en fortalecer los equipos profesionales. Asimismo se crear\u00e1 una comisi\u00f3n ad hoc para tratar la ley de ejercicio profesional. De la Rosa inform\u00f3 que en cuanto a las especialidades cr\u00edticas, est\u00e1 encaminado el convenio con la Federaci\u00f3n Argentina de Anestesiolog\u00eda. Y en Neonatolog\u00eda, se plantea la posibilidad de triplicar la remuneraci\u00f3n de los profesionales en zonas cr\u00edticas.<\/p>\n<p>&nbsp;<\/p>\n<p>Por \u00faltimo, en la exposici\u00f3n, el funcionario indic\u00f3 que el sistema sanitario p\u00fablico absorbi\u00f3 pacientes de Pami tras el cierre de varios efectores en diferentes puntos de la provincia, por lo que se reclama una deuda de 80 millones por prestaciones brindadas. Esto posibilitar\u00eda destinar parte de estos recursos a mejoras y equipamiento.<\/p>\n<p>&nbsp;<\/p>\n<p>&nbsp;<\/p>\n<p>&nbsp;<\/p>\n<p>&nbsp;<\/p>\n<p>&nbsp;<\/p>\n<p>&nbsp;<\/p>\n<p><strong>Desarrollo Social: Fortalecer el Ministerio <\/strong><\/p>\n<p>En tanto, la ministra de Desarrollo Social, Laura Stratta, en su presentaci\u00f3n dijo que \u201ces una decisi\u00f3n del gobernador, Gustavo Bordet, fortalecer cada vez m\u00e1s el Ministerio\u201d. Para ello, present\u00f3 la estructura del Ministerio y explic\u00f3 las fuentes que lo financian: \u201cLos recursos que nutren el presupuesto de este Ministerio son de rentas generales, de Ley 4035 y tambi\u00e9n los que se llaman fondos de ley, as\u00ed se financia la Secretar\u00eda de Econom\u00eda Social y Deportes, con regal\u00edas del Iafas. El 80 por ciento del presupuesto del Ministerio de Desarrollo Social, est\u00e1 conformado por recursos provinciales, de cada una de estas fuentes. El 20 por ciento que financia Naci\u00f3n es del \u00e1rea de pol\u00edticas alimentarias, donde en nuestra provincia contamos con 50 mil titulares, un programa que es financiado 80 por ciento por Naci\u00f3n, y el resto por la provincia. Tambi\u00e9n acompa\u00f1a en el refuerzo alimentario nacional, que se integra a la estructura de trabajo que mantenemos en la Direcci\u00f3n de Comedores Escolares\u201d.<\/p>\n<p>&nbsp;<\/p>\n<p>A modo de s\u00edntesis de la presentaci\u00f3n, la ministra plante\u00f3 que \u201cel Ministerio de Desarrollo Social trabaja en dos ejes. Uno es el de asistencia a la urgencia y a la emergencia, y por otro lado c\u00f3mo fortalecer el tejido social con grupos de personas\u201d.<\/p>\n<p>&nbsp;<\/p>\n<p>En ese sentido agreg\u00f3: \u201cEste presupuesto que planteamos, nos permite alcanzar los objetivos que desde cada \u00e1rea nos proponemos\u201d y explic\u00f3 que \u201cpara la confecci\u00f3n de este presupuesto trabajamos en c\u00f3mo cada secretaria y subsecretaria hab\u00eda ejecutado el presupuesto anterior y cu\u00e1les eran las necesidades que se planteaban, ya que este a\u00f1o las prioridades son otras en comparaci\u00f3n con otras gestiones\u201d.<\/p>\n<p>&nbsp;<\/p>\n<p>Luego se abri\u00f3 un espacio de preguntas e inquietudes por parte de los legisladores, donde principalmente se interesaron en el trabajo planteado en tem\u00e1ticas como violencia de g\u00e9nero, deportes, y asistencia a la emergencia clim\u00e1tica. La ministra Stratta contest\u00f3 las preguntas, y comparti\u00f3 con los diputados las cantidades de beneficiarios de programas, y los montos destinados para cada \u00e1rea. Adem\u00e1s remarc\u00f3 el pedido del gobernador, de trabajo en conjunto que se desarrolla con los diferentes organismos gubernamentales, lo que permite un mejor aprovechamiento de los fondos estatales.<\/p>\n","protected":false},"excerpt":{"rendered":"<p>Los ministros de Planeamiento, Luis Benedetto, de Desarrollo Social, Laura Stratta, y de Salud, Ariel De La Rosa, expusieron ante la Comisi\u00f3n de Presupuesto de la C\u00e1mara de Diputados, los respectivos presupuestos para el ejercicio 2017. Posteriormente a sus exposiciones, se dio lugar a las preguntas de los legisladores &nbsp; &nbsp; &nbsp; &nbsp; Al hacer uso de la palabra el ministro de Planeamiento, Luis Benedetto, acompa\u00f1ado por el secretario de Planeamiento, Marcelo Richard, y de la directora General de Presupuesto, Ingrid Antilaf, destac\u00f3 que el proyecto de presupuesto presentado a&#8230;<\/p>\n","protected":false},"author":3,"featured_media":4620,"comment_status":"closed","ping_status":"closed","sticky":false,"template":"","format":"standard","meta":[],"categories":[9],"tags":[],"_links":{"self":[{"href":"https:\/\/www.actualidadadiario.com\/index.php\/wp-json\/wp\/v2\/posts\/4619"}],"collection":[{"href":"https:\/\/www.actualidadadiario.com\/index.php\/wp-json\/wp\/v2\/posts"}],"about":[{"href":"https:\/\/www.actualidadadiario.com\/index.php\/wp-json\/wp\/v2\/types\/post"}],"author":[{"embeddable":true,"href":"https:\/\/www.actualidadadiario.com\/index.php\/wp-json\/wp\/v2\/users\/3"}],"replies":[{"embeddable":true,"href":"https:\/\/www.actualidadadiario.com\/index.php\/wp-json\/wp\/v2\/comments?post=4619"}],"version-history":[{"count":1,"href":"https:\/\/www.actualidadadiario.com\/index.php\/wp-json\/wp\/v2\/posts\/4619\/revisions"}],"predecessor-version":[{"id":4621,"href":"https:\/\/www.actualidadadiario.com\/index.php\/wp-json\/wp\/v2\/posts\/4619\/revisions\/4621"}],"wp:featuredmedia":[{"embeddable":true,"href":"https:\/\/www.actualidadadiario.com\/index.php\/wp-json\/wp\/v2\/media\/4620"}],"wp:attachment":[{"href":"https:\/\/www.actualidadadiario.com\/index.php\/wp-json\/wp\/v2\/media?parent=4619"}],"wp:term":[{"taxonomy":"category","embeddable":true,"href":"https:\/\/www.actualidadadiario.com\/index.php\/wp-json\/wp\/v2\/categories?post=4619"},{"taxonomy":"post_tag","embeddable":true,"href":"https:\/\/www.actualidadadiario.com\/index.php\/wp-json\/wp\/v2\/tags?post=4619"}],"curies":[{"name":"wp","href":"https:\/\/api.w.org\/{rel}","templated":true}]}}