{"id":4616,"date":"2016-11-16T09:57:32","date_gmt":"2016-11-16T12:57:32","guid":{"rendered":"http:\/\/actualidadadiario.com\/site\/?p=4616"},"modified":"2016-11-16T09:57:32","modified_gmt":"2016-11-16T12:57:32","slug":"el-75-por-ciento-de-los-universitarios-entrerrianos-becados-en-ciencia-y-tecnologia-hoy-son-profesionales","status":"publish","type":"post","link":"https:\/\/www.actualidadadiario.com\/index.php\/2016\/11\/16\/el-75-por-ciento-de-los-universitarios-entrerrianos-becados-en-ciencia-y-tecnologia-hoy-son-profesionales\/","title":{"rendered":"El 75 por ciento de los universitarios entrerrianos becados en ciencia y tecnolog\u00eda hoy son profesionales"},"content":{"rendered":"<p><em><strong>A partir de la labor articulada entre diversas reparticiones del Estado y la din\u00e1mica de trabajo del gobierno de Entre R\u00edos, 280 estudiantes hicieron presentaciones para acceder a una beca, 249 la obtuvieron y 192 se recibieron. Es decir, el 75 por ciento de ellos alcanzaron un t\u00edtulo profesional y se convirtieron en recurso humano calificado<\/strong><\/em><\/p>\n<p>&nbsp;<\/p>\n<p>&nbsp;<\/p>\n<p>&nbsp;<\/p>\n<p>&nbsp;<\/p>\n<p>&nbsp;<\/p>\n<p>&nbsp;<\/p>\n<p>En ese l\u00ednea, el gobierno hizo una recorrida por diversas facultades entrerrianas y m\u00e1s de 100 estudiantes accedieron a informaci\u00f3n y asesoramiento para concluir su carrera a trav\u00e9s de la presentaci\u00f3n de ideas proyectos. La convocatoria cerrar\u00e1 el 18 de noviembre.<\/p>\n<p>&nbsp;<\/p>\n<p>&#8220;Hay un fuerte compromiso de nuestro gobierno en seguir invirtiendo en educaci\u00f3n universitaria, porque las sociedades modernas se encaminan a sociedades del conocimiento. Ya hace mucho tiempo que se ven\u00eda proclamando este nuevo cambio de paradigma y quienes tengan conocimientos van a tener acceso a los mejores puestos de trabajo. Entonces, como Estado, tenemos que garantizar la posibilidad de acceder al conocimiento\u201d, sostuvo el gobernador Gustavo Bordet d\u00edas atr\u00e1s en el marco de la inauguraci\u00f3n del nuevo edificio de la Facultad de Ciencia y Tecnolog\u00eda de la Universidad Aut\u00f3noma de Entre R\u00edos.<\/p>\n<p>&nbsp;<\/p>\n<p>En esa misma l\u00ednea, desde fines de septiembre hasta principio de noviembre, la Secretar\u00eda de Ciencia, Tecnolog\u00eda e Innovaci\u00f3n realiz\u00f3 la IV Gira de difusi\u00f3n y asesoramiento para las Becas J\u00f3venes Profesionales TIC, cuyo objetivo es captar, informar y asesorar a estudiantes universitarios entrerrianos para que concluyan sus estudios.<\/p>\n<p>&nbsp;<\/p>\n<p>Para ello, la Secretar\u00eda impuso una din\u00e1mica de trabajo que incluye la puesta en contacto con todas las unidades acad\u00e9micas vinculadas a las carreras contempladas en la convocatoria, el pedido a \u00e9stas de la n\u00f3mina de estudiantes en condiciones de participar, la puesta en contacto con cada uno de ellos, la invitaci\u00f3n a participar a un taller informativo y el posterior asesoramiento a cada uno de los interesados. Esta modalidad implementada por la provincia conllev\u00f3 que desde 2012 Entre R\u00edos lidere el n\u00famero de presentaciones (280) y aprobaciones (249) en el pa\u00eds.<\/p>\n<p>&nbsp;<\/p>\n<p>Las Becas J\u00f3venes Profesionales TIC 2016 es una convocatoria de la Agencia Nacional de Promoci\u00f3n Cient\u00edfica y Tecnol\u00f3gica, a trav\u00e9s del Fondo Fiduciario de Promoci\u00f3n de la Industria del Software (Fonsoft), en el marco del Programa para promover la innovaci\u00f3n productiva a trav\u00e9s del fortalecimiento y consolidaci\u00f3n de capital humano aplicado a la industria de las Tecnolog\u00edas de la Informaci\u00f3n y las Comunicaciones (TICs), Pr\u00e9stamo BIRF 7559\/AR.<\/p>\n<p>&nbsp;<\/p>\n<p>La Secretar\u00eda realiz\u00f3 visitas en Paran\u00e1 a la Universidad Tecnol\u00f3gica Nacional (UTN); en Oro Verde a la Facultad de Ingenier\u00eda de la Universidad Nacional de Entre R\u00edos y la Facultad de Ciencia y Tecnolog\u00eda de la Universidad Aut\u00f3noma de Entre R\u00edos (Uader); y en Concepci\u00f3n del Uruguay a la UTN y a la sede de la Facultad de Ciencia y Tecnolog\u00eda que la Uader tiene en esa localidad. De esta manera, fueron m\u00e1s de 80 estudiantes los que accedieron a informaci\u00f3n y m\u00e1s de 30 son los que ya han solicitado asesoramiento.<\/p>\n<p>&nbsp;<\/p>\n<p>\u201cPara el gobierno provincial es prioritaria la educaci\u00f3n y, en ese marco, la formaci\u00f3n de recursos humanos calificados. Por tal motivo, desde la Secretar\u00eda de Ciencia, Tecnolog\u00eda e Innovaci\u00f3n venimos trabajando articulada y sistem\u00e1ticamente para captar estudiantes en condiciones para incrementar la masa de recurso humano calificado en nuevas tecnolog\u00eda de la comunicaci\u00f3n en Entre R\u00edos\u201d, sostuvo la secretaria en Ciencia, Tecnolog\u00eda e Innovaci\u00f3n, Luisina Pocay.<\/p>\n<p>&nbsp;<\/p>\n<p>En ese marco, la funcionaria destac\u00f3 que \u201cpol\u00edticas de este tipo abordan integralmente cuestiones como el fomento al esp\u00edritu emprendedor, el incremento del recurso humano calificado y el aporte de conocimiento como valor agregado a sectores productivos, industriales y tecnol\u00f3gicos\u201d, concluy\u00f3.<\/p>\n<p>&nbsp;<\/p>\n<p>El equipo t\u00e9cnico de la Secretar\u00eda de Ciencia, Tecnolog\u00eda e Innovaci\u00f3n est\u00e1 a disposici\u00f3n de los interesados para recibir asesoramiento y para ello han dispuesto diversas v\u00edas de comunicaci\u00f3n. Puede ser v\u00eda telef\u00f3nica al 0343 4840950\/1, mensajes a trav\u00e9s de twitter a @SecreCTI y v\u00eda mail a<\/p>\n<p>cienciaytecnologiaer@gmail.com.<\/p>\n<p>&nbsp;<\/p>\n<p>&nbsp;<\/p>\n<p>&nbsp;<\/p>\n<p>&nbsp;<\/p>\n<p>&nbsp;<\/p>\n<p>&nbsp;<\/p>\n<p><strong>La convocatoria <\/strong><\/p>\n<p>La convocatoria de Becas J\u00f3venes Profesionales convoca a los estudiantes de grado de universidades p\u00fablicas, de carreras relacionadas con el sector TICs, que hayan aprobado al menos el 80 por ciento de la carrera, a la presentaci\u00f3n de Ideas Proyecto para la Innovaci\u00f3n y Desarrollo de Productos, Servicios, Sistemas o Soluciones en Tecnolog\u00eda de la Informaci\u00f3n, para la adjudicaci\u00f3n de cupos de becas para la finalizaci\u00f3n de los estudios de grado.<\/p>\n<p>&nbsp;<\/p>\n<p>El objetivo de la convocatoria es fomentar el esp\u00edritu emprendedor y reducir la deserci\u00f3n estudiantil en las \u00faltimas fases de la formaci\u00f3n acad\u00e9mica, brind\u00e1ndoles la posibilidad de aplicar los conocimientos adquiridos en el plano acad\u00e9mico sobre el \u00e1mbito pr\u00e1ctico y concreto, creando experiencia en los desaf\u00edos inherentes a la formulaci\u00f3n de una Idea Proyecto para la generaci\u00f3n de un producto, sistema, servicio o soluci\u00f3n de tecnolog\u00eda de la informaci\u00f3n. Las becas son de 140.000 pesos.<\/p>\n","protected":false},"excerpt":{"rendered":"<p>A partir de la labor articulada entre diversas reparticiones del Estado y la din\u00e1mica de trabajo del gobierno de Entre R\u00edos, 280 estudiantes hicieron presentaciones para acceder a una beca, 249 la obtuvieron y 192 se recibieron. Es decir, el 75 por ciento de ellos alcanzaron un t\u00edtulo profesional y se convirtieron en recurso humano calificado &nbsp; &nbsp; &nbsp; &nbsp; &nbsp; &nbsp; En ese l\u00ednea, el gobierno hizo una recorrida por diversas facultades entrerrianas y m\u00e1s de 100 estudiantes accedieron a informaci\u00f3n y asesoramiento para concluir su carrera a trav\u00e9s&#8230;<\/p>\n","protected":false},"author":3,"featured_media":4617,"comment_status":"closed","ping_status":"closed","sticky":false,"template":"","format":"standard","meta":[],"categories":[9],"tags":[],"_links":{"self":[{"href":"https:\/\/www.actualidadadiario.com\/index.php\/wp-json\/wp\/v2\/posts\/4616"}],"collection":[{"href":"https:\/\/www.actualidadadiario.com\/index.php\/wp-json\/wp\/v2\/posts"}],"about":[{"href":"https:\/\/www.actualidadadiario.com\/index.php\/wp-json\/wp\/v2\/types\/post"}],"author":[{"embeddable":true,"href":"https:\/\/www.actualidadadiario.com\/index.php\/wp-json\/wp\/v2\/users\/3"}],"replies":[{"embeddable":true,"href":"https:\/\/www.actualidadadiario.com\/index.php\/wp-json\/wp\/v2\/comments?post=4616"}],"version-history":[{"count":1,"href":"https:\/\/www.actualidadadiario.com\/index.php\/wp-json\/wp\/v2\/posts\/4616\/revisions"}],"predecessor-version":[{"id":4618,"href":"https:\/\/www.actualidadadiario.com\/index.php\/wp-json\/wp\/v2\/posts\/4616\/revisions\/4618"}],"wp:featuredmedia":[{"embeddable":true,"href":"https:\/\/www.actualidadadiario.com\/index.php\/wp-json\/wp\/v2\/media\/4617"}],"wp:attachment":[{"href":"https:\/\/www.actualidadadiario.com\/index.php\/wp-json\/wp\/v2\/media?parent=4616"}],"wp:term":[{"taxonomy":"category","embeddable":true,"href":"https:\/\/www.actualidadadiario.com\/index.php\/wp-json\/wp\/v2\/categories?post=4616"},{"taxonomy":"post_tag","embeddable":true,"href":"https:\/\/www.actualidadadiario.com\/index.php\/wp-json\/wp\/v2\/tags?post=4616"}],"curies":[{"name":"wp","href":"https:\/\/api.w.org\/{rel}","templated":true}]}}