{"id":4613,"date":"2016-11-16T09:56:38","date_gmt":"2016-11-16T12:56:38","guid":{"rendered":"http:\/\/actualidadadiario.com\/site\/?p=4613"},"modified":"2016-11-16T09:56:38","modified_gmt":"2016-11-16T12:56:38","slug":"la-increible-defensa-del-gobierno-a-los-nombramientos-de-familiares","status":"publish","type":"post","link":"https:\/\/www.actualidadadiario.com\/index.php\/2016\/11\/16\/la-increible-defensa-del-gobierno-a-los-nombramientos-de-familiares\/","title":{"rendered":"La incre\u00edble defensa del Gobierno a los nombramientos de familiares"},"content":{"rendered":"<p><em><strong>El ministro de Modernizaci\u00f3n, Andr\u00e9s Ibarra, admiti\u00f3 que algunos puestos en la &#8220;alta direcci\u00f3n&#8221; se cubren por &#8220;cercan\u00eda o v\u00ednculos&#8221; con los funcionarios<\/strong><\/em><\/p>\n<p>&nbsp;<\/p>\n<p>&nbsp;<\/p>\n<p>&nbsp;<\/p>\n<p>&nbsp;<\/p>\n<p>El ministro de Modernizaci\u00f3n, Andr\u00e9s Ibarra, defendi\u00f3 el nombramiento de familiares en la estructura del Estado, al admitir que algunos puestos en la &#8220;alta direcci\u00f3n&#8221; se cubren por &#8220;cercan\u00eda o v\u00ednculos&#8221; con funcionarios, pero afirm\u00f3 que el objetivo es &#8220;concursar y tener una carrera p\u00fablica profesional&#8221;.<\/p>\n<p>&nbsp;<\/p>\n<p>En ese sentido, aclar\u00f3 que es una situaci\u00f3n &#8220;que viene de a\u00f1os, no es de ahora&#8221;, y cont\u00f3 que &#8220;de las 3 mil personas que son directores nacionales, generales o coordinadores, solo siete est\u00e1n por concurso&#8221;.<\/p>\n<p>&nbsp;<\/p>\n<p>&#8220;Obviamente, cuando se llega a un Gobierno, uno comienza a cubrir los puestos, las posiciones, y puede ser que algunas por cercan\u00eda, por confianza, pero tambi\u00e9n por idoneidad, sean desempe\u00f1adas por gente que tiene alg\u00fan grado de v\u00ednculo&#8221;, sostuvo Ibarra en di\u00e1logo con La Red.<\/p>\n<p>&nbsp;<\/p>\n<p>De todas formas, el ministro afirm\u00f3 que &#8220;lo importante es que la decisi\u00f3n es ir concursando toda la alta direcci\u00f3n p\u00fablica, o al menos, la mayor parte&#8221;. Sobre eso, a\u00f1adi\u00f3: &#8220;El objetivo es concursar y tener una carrera p\u00fablica profesional, que se base en concursos transparentes. Esa es la idea a la que vamos&#8221;.<\/p>\n<p>&nbsp;<\/p>\n<p>El domingo pasado, Canal 13 difundi\u00f3 un informe titulado &#8220;nepotismo&#8221;, sobre los funcionarios de primera l\u00ednea, de Cambiemos y kirchneristas, que contrataron familiares para que trabajen en la administraci\u00f3n p\u00fablica.<\/p>\n<p>&nbsp;<\/p>\n<p>Entre los funcionarios denunciados, figuran la vicepresidenta Gabriela Michetti, el jefe de Gabinete, Marcos Pe\u00f1a y los ministros Jorge Triaca, Patricia Bullrich, Carolina Stanley, Oscar Aguad, Andr\u00e9s Ibarra, Rogelio Frigerio, Alfonso Prat Gay y Gustavo Santos.<\/p>\n","protected":false},"excerpt":{"rendered":"<p>El ministro de Modernizaci\u00f3n, Andr\u00e9s Ibarra, admiti\u00f3 que algunos puestos en la &#8220;alta direcci\u00f3n&#8221; se cubren por &#8220;cercan\u00eda o v\u00ednculos&#8221; con los funcionarios &nbsp; &nbsp; &nbsp; &nbsp; El ministro de Modernizaci\u00f3n, Andr\u00e9s Ibarra, defendi\u00f3 el nombramiento de familiares en la estructura del Estado, al admitir que algunos puestos en la &#8220;alta direcci\u00f3n&#8221; se cubren por &#8220;cercan\u00eda o v\u00ednculos&#8221; con funcionarios, pero afirm\u00f3 que el objetivo es &#8220;concursar y tener una carrera p\u00fablica profesional&#8221;. &nbsp; En ese sentido, aclar\u00f3 que es una situaci\u00f3n &#8220;que viene de a\u00f1os, no es de ahora&#8221;,&#8230;<\/p>\n","protected":false},"author":3,"featured_media":4614,"comment_status":"closed","ping_status":"closed","sticky":false,"template":"","format":"standard","meta":[],"categories":[18],"tags":[],"_links":{"self":[{"href":"https:\/\/www.actualidadadiario.com\/index.php\/wp-json\/wp\/v2\/posts\/4613"}],"collection":[{"href":"https:\/\/www.actualidadadiario.com\/index.php\/wp-json\/wp\/v2\/posts"}],"about":[{"href":"https:\/\/www.actualidadadiario.com\/index.php\/wp-json\/wp\/v2\/types\/post"}],"author":[{"embeddable":true,"href":"https:\/\/www.actualidadadiario.com\/index.php\/wp-json\/wp\/v2\/users\/3"}],"replies":[{"embeddable":true,"href":"https:\/\/www.actualidadadiario.com\/index.php\/wp-json\/wp\/v2\/comments?post=4613"}],"version-history":[{"count":1,"href":"https:\/\/www.actualidadadiario.com\/index.php\/wp-json\/wp\/v2\/posts\/4613\/revisions"}],"predecessor-version":[{"id":4615,"href":"https:\/\/www.actualidadadiario.com\/index.php\/wp-json\/wp\/v2\/posts\/4613\/revisions\/4615"}],"wp:featuredmedia":[{"embeddable":true,"href":"https:\/\/www.actualidadadiario.com\/index.php\/wp-json\/wp\/v2\/media\/4614"}],"wp:attachment":[{"href":"https:\/\/www.actualidadadiario.com\/index.php\/wp-json\/wp\/v2\/media?parent=4613"}],"wp:term":[{"taxonomy":"category","embeddable":true,"href":"https:\/\/www.actualidadadiario.com\/index.php\/wp-json\/wp\/v2\/categories?post=4613"},{"taxonomy":"post_tag","embeddable":true,"href":"https:\/\/www.actualidadadiario.com\/index.php\/wp-json\/wp\/v2\/tags?post=4613"}],"curies":[{"name":"wp","href":"https:\/\/api.w.org\/{rel}","templated":true}]}}