{"id":4607,"date":"2016-11-16T09:54:39","date_gmt":"2016-11-16T12:54:39","guid":{"rendered":"http:\/\/actualidadadiario.com\/site\/?p=4607"},"modified":"2016-11-16T09:54:39","modified_gmt":"2016-11-16T12:54:39","slug":"no-es-mi-mama-son-tu-papa-y-vos","status":"publish","type":"post","link":"https:\/\/www.actualidadadiario.com\/index.php\/2016\/11\/16\/no-es-mi-mama-son-tu-papa-y-vos\/","title":{"rendered":"\u201cNo es mi mam\u00e1, son tu pap\u00e1 y vos\u201d"},"content":{"rendered":"<p><em><strong>CFK subi\u00f3 el mensaje a las redes. Acus\u00f3 al Gobierno de armar la nota de Clar\u00edn que busc\u00f3 involucrar a su madre en una maniobra con el Correo. Record\u00f3 hechos emblem\u00e1ticos de las empresas Macri. \u201cEl problema de la Argentina sigue siendo el mismo de siempre: ustedes\u201d<\/strong><\/em><\/p>\n<p>&nbsp;<\/p>\n<p>&nbsp;<\/p>\n<p>&nbsp;<\/p>\n<p>&nbsp;<\/p>\n<p>&nbsp;<\/p>\n<p>&nbsp;<\/p>\n<p>&#8220;Macri, mi mam\u00e1 tiene 87 a\u00f1os y hace m\u00e1s de 50 que vive con mi hermana en el mismo barrio y en la misma casa, que es su \u00fanico patrimonio\u201d, comenz\u00f3 ayer la carta dirigida al presidente Mauricio Macri que Cristina Kirchner subi\u00f3 a las redes sociales a ra\u00edz de la nota publicada por el diario Clar\u00edn en la que aparece su madre, Ofelia Wilhelm, como integrante de una cooperativa con negocios \u201cilegales\u201d con el Correo Argentino. \u201cPor m\u00e1s causas judiciales que armen, a la gente le alcanza cada vez menos la plata. Muchos ya no llegan ni a fin de mes\u201d, afirm\u00f3 la ex presidenta.<\/p>\n<p>&nbsp;<\/p>\n<p>El mensaje, en el que la ex presidenta tutea a Macri, llev\u00f3 un t\u00edtulo elocuente: \u201cNo es mi mam\u00e1, es tu pap\u00e1 y vos tambi\u00e9n\u201d. Cristina Kirchner comenz\u00f3 hablando de su madre Ofelia, acusada por la investigaci\u00f3n period\u00edstica como integrante de la cooperativa llamada \u201cEl Aldab\u00f3n\u201d que durante los gobiernos kirchneristas supuestamente cobr\u00f3 millones por repartir las cartas de la agencia de recaudaci\u00f3n bonaerense (ARBA). \u201cFue secretaria general de su gremio durante m\u00e1s de 30 a\u00f1os pero nunca tuvo un solo d\u00eda de licencia gremial. Siempre fue a trabajar, \u00bfraro no? Su \u00fanica \u2018debilidad\u2019 es su pasi\u00f3n por Gimnasia y Esgrima de la Plata. Vive de su jubilaci\u00f3n y de la pensi\u00f3n de mi padre. Hace casi ya tres a\u00f1os, fue operada de una grav\u00edsima enfermedad y desde entonces camina ayudada por un andador\u201d, coment\u00f3 CFK.<\/p>\n<p>&nbsp;<\/p>\n<p>\u201c\u00bfQu\u00e9 es lo que quer\u00e9s inventar? \u00bfPretendes hacerle creer a los argentinos que el pa\u00eds est\u00e1 mal y a ellos les va peor\u2026 por mi mam\u00e1? \u00bfNo te parece mucho? Pens\u00e9 que conmigo y con mi hija te alcanzaba. \u00bfO es que las cosas van tan mal que ten\u00e9s que empezar a perseguir junto con Clar\u00edn a una anciana que no sale de su casa?\u201d, continu\u00f3. Respecto a esta investigaci\u00f3n, que ayer la diputada Elisa Carri\u00f3 se apresur\u00f3 a llevar a Tribunales y qued\u00f3 a cargo del juez federal Sergio Torres, tambi\u00e9n habl\u00f3 el presidente de la cooperativa.<\/p>\n<p>&nbsp;<\/p>\n<p>&nbsp;<\/p>\n<p>&nbsp;<\/p>\n<p>&nbsp;<\/p>\n<p>&nbsp;<\/p>\n<p><strong>Patria contratista<\/strong><\/p>\n<p>La ex presidenta incursion\u00f3 en el historial del grupo empresarial de la familia Macri. \u201cEl problema de la Argentina sigue siendo el mismo de siempre: Ustedes. Tu pap\u00e1 y otros \u2013como \u00e9l\u2013 que estatizaron la deuda de sus empresas mientras la dictadura genocida hab\u00eda desaparecido a miles de argentinos\u201d. En esa direcci\u00f3n, mencion\u00f3 la \u201cdeuda de la \u2018patria contratista\u2019 y otras yerbas que todav\u00eda estamos pagando. O como Clar\u00edn que se quedaba con Papel Prensa, mesa de tortura mediante.<\/p>\n<p>&nbsp;<\/p>\n<p>Ustedes, los mismos que cuando los militares no les sirvieron m\u00e1s fueron por los pol\u00edticos de los partidos populares y democr\u00e1ticos\u201d.<\/p>\n<p>&nbsp;<\/p>\n<p>Adem\u00e1s, Cristina Kirchner ironiz\u00f3 acerca del \u201c\u2018periodismo independiente\u2019 que buscando cuentas K en el exterior, se encontr\u00f3 \u2013como siempre\u2013 con\u2026 Ustedes, que tienen m\u00e1s cuentas y sociedades offshore que pelos yo en la cabeza\u201d.<\/p>\n<p>&nbsp;<\/p>\n<p>Tambi\u00e9n habl\u00f3 de la causa \u201cd\u00f3lar futuro\u201d en la que la C\u00e1mara Federal confirm\u00f3 su procesamiento y motivo que ella pidiera que se eleve a juicio oral para conseguir \u201cuna instancia judicial imparcial\u201d. Sobre esa causa dijo \u201clos que hab\u00edan ganado millones eran\u2026 Ustedes. Los mismos que devaluaron, los mismos que fijaron el precio que despu\u00e9s cobraron. Los que estamos procesados por (el juez Claudio) Bonadio, somos nosotros\u201d. Y reflexion\u00f3: \u201cEl poder judicial y los medios de comunicaci\u00f3n, que volvieron innecesarias a las \u2018viejas\u2019 y \u2018obsoletas\u2019 dictaduras militares\u201d.<\/p>\n<p>&nbsp;<\/p>\n<p>&nbsp;<\/p>\n<p>&nbsp;<\/p>\n<p>&nbsp;<\/p>\n<p>&nbsp;<\/p>\n<p><strong>D\u00eda de la mentira<\/strong><\/p>\n<p>En la extensa carta, la ex presidenta vuelve a dirigirse a Macri. \u201cSi no te alcanzan las \u2018causas\u2019 judiciales que ya inventaste, si no te alcanza con perseguir a mi hija, ajusta un poco m\u00e1s las clavijas en Comodoro Py, seguro que a Bonadio o alg\u00fan otro m\u00e1s arriba, algo se les va a ocurrir.<\/p>\n<p>&nbsp;<\/p>\n<p>Eso s\u00ed, por m\u00e1s causas judiciales que armen, a la gente le alcanza cada vez menos la plata. Muchos ya no llegan ni a fin de mes. Y no hablo de los \u2018vulnerables\u2019 \u2013terminolog\u00eda light para no decir pobres\u2013 no les est\u00e1 alcanzando a lo que hasta el 10 de diciembre eran la famosa y tan mentada clase media argentina. Que pod\u00edan irse de vacaciones, dar estudio a sus hijos y hasta comprarse el primer 0km o una casa.<\/p>\n<p>&nbsp;<\/p>\n<p>Tambi\u00e9n pidi\u00f3 que terminen con la excusa de la \u201cpesada herencia\u201d.<\/p>\n<p>&nbsp;<\/p>\n<p>Agreg\u00f3: \u201cEs lo \u00fanico que les ha permitido sostenerse como Gobierno despu\u00e9s de haber transferido miles de millones de d\u00f3lares al agro y la miner\u00eda. \u00bfSino contanos como es que se puede endeudar el pa\u00eds en menos de un a\u00f1o por casi el 50% de su PBI? \u00bfVendr\u00e1 alguna vez un Gobierno que privatice la deuda externa? \u00bfO la tendr\u00e1 que pagar otra vez el Pueblo como en el 2001?\u201d.<\/p>\n<p>&nbsp;<\/p>\n<p>Record\u00f3 que justo ayer su cumpl\u00eda un a\u00f1o del debate entre Macri y Daniel Scioli que el kirchnerismo propone ir\u00f3nicamente que sea instalado como el d\u00eda de la mentira.<\/p>\n<p>&nbsp;<\/p>\n<p>\u201cEs que todav\u00eda suenan en los o\u00eddos de millones de argentinos palabras tales como: \u2018No voy a devaluar\u2019, \u2018No voy a ajustar\u2019, \u2018No va a haber tarifazo\u2019, \u2018Daremos un mill\u00f3n de cr\u00e9ditos hipotecarios\u2019, \u2018Ning\u00fan trabajador va a pagar impuesto a las ganancias\u2019, \u2018Pobreza cero\u2019 entre otras tantas que constituyen el m\u00e1s antol\u00f3gico episodio de la mentira y el cinismo, propalados en escala medi\u00e1tica nacional\u201d.<\/p>\n<p>&nbsp;<\/p>\n<p>&nbsp;<\/p>\n<p>&nbsp;<\/p>\n<p>&nbsp;<\/p>\n<p>&nbsp;<\/p>\n<p><strong>Conclusi\u00f3n<\/strong><\/p>\n<p>Cristina Kirchner tambi\u00e9n mand\u00f3 un palito para los votantes de Cambiemos. Dijo que el 15 de noviembre tambi\u00e9n podr\u00eda ser recordado como \u201cel d\u00eda del autoenga\u00f1o nacional\u201d. \u201cLa f\u00f3rmula del enga\u00f1o fue simple: Les dijeron lo que quer\u00edan o\u00edr. Siempre he pensado que cuando uno solo est\u00e1 dispuesto a escuchar lo que quiere o\u00edr, siempre va a encontrar a alguien que le va a mentir\u201d, afirm\u00f3.<\/p>\n<p>&nbsp;<\/p>\n<p>La ex presidenta concluy\u00f3: \u201cA prop\u00f3sito, y ahora que me doy cuenta \u00bfLa movida contra Ofelia, mi mam\u00e1 en el d\u00eda de ayer ser\u00e1 para tapar la mentira en el primer aniversario del debate? Si piensan que con eso les alcanza, lamento notificarles que no. Ma\u00f1ana y pasado ma\u00f1ana y la semana que viene y el mes que viene y el a\u00f1o que viene \u2013con estas pol\u00edticas\u2013 la gente seguir\u00e1 con los mismos problemas de hoy: Desocupaci\u00f3n y precarizaci\u00f3n laboral, salarios que no llegan a fin de mes, tarifazos, endeudamiento. Digo yo \u00bfy si prueban con poner un poquito de la energ\u00eda que gastan en perseguirme a m\u00ed, a mi hija y ahora a mi madre, en solucionar los problemas que Ustedes, siempre Ustedes le han provocado a millones de compatriotas? Estoy segura que le ir\u00eda mejor al Gobierno y a la Argentina\u201d.<\/p>\n","protected":false},"excerpt":{"rendered":"<p>CFK subi\u00f3 el mensaje a las redes. Acus\u00f3 al Gobierno de armar la nota de Clar\u00edn que busc\u00f3 involucrar a su madre en una maniobra con el Correo. Record\u00f3 hechos emblem\u00e1ticos de las empresas Macri. \u201cEl problema de la Argentina sigue siendo el mismo de siempre: ustedes\u201d &nbsp; &nbsp; &nbsp; &nbsp; &nbsp; &nbsp; &#8220;Macri, mi mam\u00e1 tiene 87 a\u00f1os y hace m\u00e1s de 50 que vive con mi hermana en el mismo barrio y en la misma casa, que es su \u00fanico patrimonio\u201d, comenz\u00f3 ayer la carta dirigida al presidente&#8230;<\/p>\n","protected":false},"author":3,"featured_media":4608,"comment_status":"closed","ping_status":"closed","sticky":false,"template":"","format":"standard","meta":[],"categories":[9],"tags":[],"_links":{"self":[{"href":"https:\/\/www.actualidadadiario.com\/index.php\/wp-json\/wp\/v2\/posts\/4607"}],"collection":[{"href":"https:\/\/www.actualidadadiario.com\/index.php\/wp-json\/wp\/v2\/posts"}],"about":[{"href":"https:\/\/www.actualidadadiario.com\/index.php\/wp-json\/wp\/v2\/types\/post"}],"author":[{"embeddable":true,"href":"https:\/\/www.actualidadadiario.com\/index.php\/wp-json\/wp\/v2\/users\/3"}],"replies":[{"embeddable":true,"href":"https:\/\/www.actualidadadiario.com\/index.php\/wp-json\/wp\/v2\/comments?post=4607"}],"version-history":[{"count":1,"href":"https:\/\/www.actualidadadiario.com\/index.php\/wp-json\/wp\/v2\/posts\/4607\/revisions"}],"predecessor-version":[{"id":4609,"href":"https:\/\/www.actualidadadiario.com\/index.php\/wp-json\/wp\/v2\/posts\/4607\/revisions\/4609"}],"wp:featuredmedia":[{"embeddable":true,"href":"https:\/\/www.actualidadadiario.com\/index.php\/wp-json\/wp\/v2\/media\/4608"}],"wp:attachment":[{"href":"https:\/\/www.actualidadadiario.com\/index.php\/wp-json\/wp\/v2\/media?parent=4607"}],"wp:term":[{"taxonomy":"category","embeddable":true,"href":"https:\/\/www.actualidadadiario.com\/index.php\/wp-json\/wp\/v2\/categories?post=4607"},{"taxonomy":"post_tag","embeddable":true,"href":"https:\/\/www.actualidadadiario.com\/index.php\/wp-json\/wp\/v2\/tags?post=4607"}],"curies":[{"name":"wp","href":"https:\/\/api.w.org\/{rel}","templated":true}]}}