{"id":4604,"date":"2016-11-16T09:53:48","date_gmt":"2016-11-16T12:53:48","guid":{"rendered":"http:\/\/actualidadadiario.com\/site\/?p=4604"},"modified":"2016-11-16T09:53:48","modified_gmt":"2016-11-16T12:53:48","slug":"avanza-en-diputados-un-regimen-para-la-proteccion-de-las-victimas-de-delitos","status":"publish","type":"post","link":"https:\/\/www.actualidadadiario.com\/index.php\/2016\/11\/16\/avanza-en-diputados-un-regimen-para-la-proteccion-de-las-victimas-de-delitos\/","title":{"rendered":"Avanza en Diputados un r\u00e9gimen para la protecci\u00f3n de las v\u00edctimas de delitos"},"content":{"rendered":"<p><em><strong>El proyecto de ley impulsado por el Frente Renovador para establecer un r\u00e9gimen de protecci\u00f3n a las v\u00edctimas de la delincuencia fue respaldo este martes por la comisi\u00f3n de Presupuesto y Hacienda, con lo cual podr\u00e1 ser debatido en la pr\u00f3xima sesi\u00f3n<\/strong><\/em><\/p>\n<p>&nbsp;<\/p>\n<p>&nbsp;<\/p>\n<p>&nbsp;<\/p>\n<p>&nbsp;<\/p>\n<p>&nbsp;<\/p>\n<p>&nbsp;<\/p>\n<p>La iniciativa cosech\u00f3 un amplio respaldo dado que todas las fuerzas pol\u00edticas apoyaron el dictamen de mayor\u00eda, y ahora falta que el oficialismo y la oposici\u00f3n acuerden si se trata ma\u00f1ana sobre tablas o en la pr\u00f3xima sesi\u00f3n que se efectuar\u00e1 el mi\u00e9rcoles 23.<\/p>\n<p>&nbsp;<\/p>\n<p>Este proyecto ya hab\u00eda obtenido dictamen en las comisiones de Legislaci\u00f3n Penal y de Familia, y ahora obtuvo despacho en Presupuesto y Hacienda, en una reuni\u00f3n plenaria que estuvo conducida por el macrista Luciano Laspina.<\/p>\n<p>&nbsp;<\/p>\n<p>Massa viene reclamando la sanci\u00f3n de un paquete de iniciativas, entre las que figura el r\u00e9gimen de protecci\u00f3n a las v\u00edctimas, un protocolo especial para limitar las excarcelaciones y una reforma al C\u00f3digo Procesal Penal sobre tenencia de armas.<\/p>\n<p>&nbsp;<\/p>\n<p>Por lo pronto, el proyecto de protecci\u00f3n a las v\u00edctimas es el primero que ya est\u00e1 en condiciones de ser debatido en el recinto.<\/p>\n<p>&nbsp;<\/p>\n<p>El proyecto crea un r\u00e9gimen de asistencia a las v\u00edctimas del delito que busca, entre otras cuestiones, que quienes sufran hechos de inseguridad tengan los mismos derechos que los imputados, como una parte esencial en el proceso penal.<\/p>\n<p>&nbsp;<\/p>\n<p>La iniciativa crea centros de Protecci\u00f3n y Asistencia a las V\u00edctimas del Delito con atenci\u00f3n las 24 horas, en los habr\u00edan m\u00e9dicos, psic\u00f3logos, asistentes sociales y peritos.<\/p>\n<p>&nbsp;<\/p>\n<p>El proyecto tambi\u00e9n prev\u00e9 que las excarcelaciones, libertades y todo tipo de medidas referidas al procesado o condenado, como la libertad o la fuga, deber\u00e1n ser notificadas a la v\u00edctima.<\/p>\n","protected":false},"excerpt":{"rendered":"<p>El proyecto de ley impulsado por el Frente Renovador para establecer un r\u00e9gimen de protecci\u00f3n a las v\u00edctimas de la delincuencia fue respaldo este martes por la comisi\u00f3n de Presupuesto y Hacienda, con lo cual podr\u00e1 ser debatido en la pr\u00f3xima sesi\u00f3n &nbsp; &nbsp; &nbsp; &nbsp; &nbsp; &nbsp; La iniciativa cosech\u00f3 un amplio respaldo dado que todas las fuerzas pol\u00edticas apoyaron el dictamen de mayor\u00eda, y ahora falta que el oficialismo y la oposici\u00f3n acuerden si se trata ma\u00f1ana sobre tablas o en la pr\u00f3xima sesi\u00f3n que se efectuar\u00e1 el&#8230;<\/p>\n","protected":false},"author":3,"featured_media":4605,"comment_status":"closed","ping_status":"closed","sticky":false,"template":"","format":"standard","meta":[],"categories":[18],"tags":[],"_links":{"self":[{"href":"https:\/\/www.actualidadadiario.com\/index.php\/wp-json\/wp\/v2\/posts\/4604"}],"collection":[{"href":"https:\/\/www.actualidadadiario.com\/index.php\/wp-json\/wp\/v2\/posts"}],"about":[{"href":"https:\/\/www.actualidadadiario.com\/index.php\/wp-json\/wp\/v2\/types\/post"}],"author":[{"embeddable":true,"href":"https:\/\/www.actualidadadiario.com\/index.php\/wp-json\/wp\/v2\/users\/3"}],"replies":[{"embeddable":true,"href":"https:\/\/www.actualidadadiario.com\/index.php\/wp-json\/wp\/v2\/comments?post=4604"}],"version-history":[{"count":1,"href":"https:\/\/www.actualidadadiario.com\/index.php\/wp-json\/wp\/v2\/posts\/4604\/revisions"}],"predecessor-version":[{"id":4606,"href":"https:\/\/www.actualidadadiario.com\/index.php\/wp-json\/wp\/v2\/posts\/4604\/revisions\/4606"}],"wp:featuredmedia":[{"embeddable":true,"href":"https:\/\/www.actualidadadiario.com\/index.php\/wp-json\/wp\/v2\/media\/4605"}],"wp:attachment":[{"href":"https:\/\/www.actualidadadiario.com\/index.php\/wp-json\/wp\/v2\/media?parent=4604"}],"wp:term":[{"taxonomy":"category","embeddable":true,"href":"https:\/\/www.actualidadadiario.com\/index.php\/wp-json\/wp\/v2\/categories?post=4604"},{"taxonomy":"post_tag","embeddable":true,"href":"https:\/\/www.actualidadadiario.com\/index.php\/wp-json\/wp\/v2\/tags?post=4604"}],"curies":[{"name":"wp","href":"https:\/\/api.w.org\/{rel}","templated":true}]}}